{"id":1945,"date":"2020-04-30T12:58:09","date_gmt":"2020-04-30T12:58:09","guid":{"rendered":"https:\/\/www.hospizhilfe-siegen.de\/?p=1945"},"modified":"2020-05-02T05:50:54","modified_gmt":"2020-05-02T05:50:54","slug":"ehrenamtliche-begleitung-in-zeiten-von-corona","status":"publish","type":"post","link":"https:\/\/www.hospizhilfe-siegen.de\/?p=1945","title":{"rendered":"Ehrenamtliche Begleitung in Zeiten von Corona"},"content":{"rendered":"\n<figure class=\"wp-block-image size-large\"><img loading=\"lazy\" decoding=\"async\" width=\"1024\" height=\"576\" src=\"https:\/\/www.hospizhilfe-siegen.de\/wp-content\/uploads\/2020\/04\/1040041-1024x576.jpg\" alt=\"\" class=\"wp-image-1956\" srcset=\"https:\/\/www.hospizhilfe-siegen.de\/wp-content\/uploads\/2020\/04\/1040041-1024x576.jpg 1024w, https:\/\/www.hospizhilfe-siegen.de\/wp-content\/uploads\/2020\/04\/1040041-300x169.jpg 300w, https:\/\/www.hospizhilfe-siegen.de\/wp-content\/uploads\/2020\/04\/1040041-768x432.jpg 768w, https:\/\/www.hospizhilfe-siegen.de\/wp-content\/uploads\/2020\/04\/1040041-1536x865.jpg 1536w, https:\/\/www.hospizhilfe-siegen.de\/wp-content\/uploads\/2020\/04\/1040041-2048x1153.jpg 2048w\" sizes=\"auto, (max-width: 1024px) 100vw, 1024px\" \/><\/figure>\n\n\n\n<p>Unser ehrenamtlicher Mitarbeiter J\u00fcrgen S. berichtet&#8230;<\/p>\n\n\n\n<!--more-->\n\n\n\n<p>Es ist f\u00fcr mich, wie wahrscheinlich auch f\u00fcr alle anderen, eine echt unwirkliche Situation. Im privaten Bereich ist meine Mutter sehr traurig, da ich den Kontakt dort auch auf ein Minimum reduziert habe. Sie vermisst unser gemeinsames Fr\u00fchst\u00fcck welches wir regelm\u00e4\u00dfig hatten.<\/p>\n\n\n\n<p>Auf meiner Arbeit und privat ist soweit alles ok, wir haben noch etwas zu tun, obwohl einige Kunden ihre Auftr\u00e4ge storniert haben. Aus taktischer \u00dcberlegung zwecks Minimierung der Ansteckung haben wir auch im B\u00fcro 2 Schichten eingef\u00fchrt. Ich bin diese Woche auf Sp\u00e4tschicht und h\u00e4tte heute eh nicht an unserem Gruppentreffen teilnehmen k\u00f6nnen.<\/p>\n\n\n\n<p>Auch f\u00fcr mich gilt, dass meine Besuche im Altenheim ausgesetzt sind. Das findet M. und seine Frau ziemlich doof. Die beiden d\u00fcrfen auch nicht mehr gemeinsam im Altenheim ihr Mittagessen einnehmen. Beide treffen sich, wenn das Wetter passt, im Park mit \u201eRollator\u201c und drehen eine Runde. Ich telefoniere mit beiden regelm\u00e4\u00dfig da die Frau vom M. auch sehr alleine ist und unter dieser Situation sehr leidet. Am Samstag erw\u00e4hnte sie bei unserem Telefonat, dass sie gerne noch mal frische Br\u00f6tchen h\u00e4tte.&nbsp; \u2026just kam mir am Sonntag die Idee, geh mal los und hol ein paar Br\u00f6tchen vom B\u00e4cker. Dazu noch 2 Gl\u00e4ser Marmelade aus meinem Fundus im Keller (eigene Herstellung von meiner Mama) und ab zum Altenheim. Ein kurzer Anruf bei Frau B. und sie kam auf ihren Balkon, mit einem Besenstiel reichte ich ihr die T\u00fcte mit den Br\u00f6tchen und der Marmelade \u00fcbers Balkongel\u00e4nder. Die strahlenden Augen waren Gold wert.<\/p>\n\n\n\n<p>Ich denke auch so k\u00f6nnen wir einen kleinen Betrag leisten, damit unsere Begleitungen (sowie \u00e4ltere Nachbarn) gemeinsam mit uns die Krise \u00fcberstehen.<\/p>\n\n\n\n<p>Ganz liebe Gr\u00fc\u00dfe und bleibt gesund<br>J\u00fcrgen \u201eTeam \u2013 Haribo\u201c<\/p>\n","protected":false},"excerpt":{"rendered":"<p>Unser ehrenamtlicher Mitarbeiter J\u00fcrgen S. berichtet&#8230;<\/p>\n","protected":false},"author":8,"featured_media":1956,"comment_status":"closed","ping_status":"closed","sticky":false,"template":"","format":"standard","meta":{"footnotes":""},"categories":[1],"tags":[64,37,11],"class_list":["post-1945","post","type-post","status-publish","format-standard","has-post-thumbnail","hentry","category-uncategorized","tag-corona","tag-ehrenamt","tag-hospizhilfe"],"yoast_head":"<!-- This site is optimized with the Yoast SEO plugin v26.3 - https:\/\/yoast.com\/wordpress\/plugins\/seo\/ -->\n<title>Ehrenamtliche Begleitung in Zeiten von Corona - hospizhilfe siegen<\/title>\n<meta name=\"robots\" content=\"index, follow, max-snippet:-1, max-image-preview:large, max-video-preview:-1\" \/>\n<link rel=\"canonical\" href=\"https:\/\/www.hospizhilfe-siegen.de\/?p=1945\" \/>\n<meta property=\"og:locale\" content=\"de_DE\" \/>\n<meta property=\"og:type\" content=\"article\" \/>\n<meta property=\"og:title\" content=\"Ehrenamtliche Begleitung in Zeiten von Corona - hospizhilfe siegen\" \/>\n<meta property=\"og:description\" content=\"Unser ehrenamtlicher Mitarbeiter J\u00fcrgen S. berichtet&#8230;\" \/>\n<meta property=\"og:url\" content=\"https:\/\/www.hospizhilfe-siegen.de\/?p=1945\" \/>\n<meta property=\"og:site_name\" content=\"hospizhilfe siegen\" \/>\n<meta property=\"article:publisher\" content=\"https:\/\/www.facebook.com\/HospizhilfeSiegen\" \/>\n<meta property=\"article:published_time\" content=\"2020-04-30T12:58:09+00:00\" \/>\n<meta property=\"article:modified_time\" content=\"2020-05-02T05:50:54+00:00\" \/>\n<meta property=\"og:image\" content=\"https:\/\/www.hospizhilfe-siegen.de\/wp-content\/uploads\/2020\/04\/1040041-scaled.jpg\" \/>\n\t<meta property=\"og:image:width\" content=\"2560\" \/>\n\t<meta property=\"og:image:height\" content=\"1441\" \/>\n\t<meta property=\"og:image:type\" content=\"image\/jpeg\" \/>\n<meta name=\"author\" content=\"Christiane Howe\" \/>\n<meta name=\"twitter:card\" content=\"summary_large_image\" \/>\n<meta name=\"twitter:label1\" content=\"Verfasst von\" \/>\n\t<meta name=\"twitter:data1\" content=\"Christiane Howe\" \/>\n\t<meta name=\"twitter:label2\" content=\"Gesch\u00e4tzte Lesezeit\" \/>\n\t<meta name=\"twitter:data2\" content=\"2\u00a0Minuten\" \/>\n<script type=\"application\/ld+json\" class=\"yoast-schema-graph\">{\"@context\":\"https:\/\/schema.org\",\"@graph\":[{\"@type\":\"Article\",\"@id\":\"https:\/\/www.hospizhilfe-siegen.de\/?p=1945#article\",\"isPartOf\":{\"@id\":\"https:\/\/www.hospizhilfe-siegen.de\/?p=1945\"},\"author\":{\"name\":\"Christiane Howe\",\"@id\":\"https:\/\/www.hospizhilfe-siegen.de\/#\/schema\/person\/1d53ac5920f5c84fe0be32cf3691d9c2\"},\"headline\":\"Ehrenamtliche Begleitung in Zeiten von Corona\",\"datePublished\":\"2020-04-30T12:58:09+00:00\",\"dateModified\":\"2020-05-02T05:50:54+00:00\",\"mainEntityOfPage\":{\"@id\":\"https:\/\/www.hospizhilfe-siegen.de\/?p=1945\"},\"wordCount\":314,\"publisher\":{\"@id\":\"https:\/\/www.hospizhilfe-siegen.de\/#organization\"},\"image\":{\"@id\":\"https:\/\/www.hospizhilfe-siegen.de\/?p=1945#primaryimage\"},\"thumbnailUrl\":\"https:\/\/www.hospizhilfe-siegen.de\/wp-content\/uploads\/2020\/04\/1040041-scaled.jpg\",\"keywords\":[\"corona\",\"Ehrenamt\",\"Hospizhilfe\"],\"articleSection\":[\"Uncategorized\"],\"inLanguage\":\"de\"},{\"@type\":\"WebPage\",\"@id\":\"https:\/\/www.hospizhilfe-siegen.de\/?p=1945\",\"url\":\"https:\/\/www.hospizhilfe-siegen.de\/?p=1945\",\"name\":\"Ehrenamtliche Begleitung in Zeiten von Corona - hospizhilfe siegen\",\"isPartOf\":{\"@id\":\"https:\/\/www.hospizhilfe-siegen.de\/#website\"},\"primaryImageOfPage\":{\"@id\":\"https:\/\/www.hospizhilfe-siegen.de\/?p=1945#primaryimage\"},\"image\":{\"@id\":\"https:\/\/www.hospizhilfe-siegen.de\/?p=1945#primaryimage\"},\"thumbnailUrl\":\"https:\/\/www.hospizhilfe-siegen.de\/wp-content\/uploads\/2020\/04\/1040041-scaled.jpg\",\"datePublished\":\"2020-04-30T12:58:09+00:00\",\"dateModified\":\"2020-05-02T05:50:54+00:00\",\"breadcrumb\":{\"@id\":\"https:\/\/www.hospizhilfe-siegen.de\/?p=1945#breadcrumb\"},\"inLanguage\":\"de\",\"potentialAction\":[{\"@type\":\"ReadAction\",\"target\":[\"https:\/\/www.hospizhilfe-siegen.de\/?p=1945\"]}]},{\"@type\":\"ImageObject\",\"inLanguage\":\"de\",\"@id\":\"https:\/\/www.hospizhilfe-siegen.de\/?p=1945#primaryimage\",\"url\":\"https:\/\/www.hospizhilfe-siegen.de\/wp-content\/uploads\/2020\/04\/1040041-scaled.jpg\",\"contentUrl\":\"https:\/\/www.hospizhilfe-siegen.de\/wp-content\/uploads\/2020\/04\/1040041-scaled.jpg\",\"width\":2560,\"height\":1441},{\"@type\":\"BreadcrumbList\",\"@id\":\"https:\/\/www.hospizhilfe-siegen.de\/?p=1945#breadcrumb\",\"itemListElement\":[{\"@type\":\"ListItem\",\"position\":1,\"name\":\"Startseite\",\"item\":\"https:\/\/www.hospizhilfe-siegen.de\/\"},{\"@type\":\"ListItem\",\"position\":2,\"name\":\"Ehrenamtliche Begleitung in Zeiten von Corona\"}]},{\"@type\":\"WebSite\",\"@id\":\"https:\/\/www.hospizhilfe-siegen.de\/#website\",\"url\":\"https:\/\/www.hospizhilfe-siegen.de\/\",\"name\":\"hospizhilfe siegen\",\"description\":\"\",\"publisher\":{\"@id\":\"https:\/\/www.hospizhilfe-siegen.de\/#organization\"},\"potentialAction\":[{\"@type\":\"SearchAction\",\"target\":{\"@type\":\"EntryPoint\",\"urlTemplate\":\"https:\/\/www.hospizhilfe-siegen.de\/?s={search_term_string}\"},\"query-input\":{\"@type\":\"PropertyValueSpecification\",\"valueRequired\":true,\"valueName\":\"search_term_string\"}}],\"inLanguage\":\"de\"},{\"@type\":\"Organization\",\"@id\":\"https:\/\/www.hospizhilfe-siegen.de\/#organization\",\"name\":\"Ambulante \u00f6kumenische Hospizhilfe Siegen e.V.\",\"url\":\"https:\/\/www.hospizhilfe-siegen.de\/\",\"logo\":{\"@type\":\"ImageObject\",\"inLanguage\":\"de\",\"@id\":\"https:\/\/www.hospizhilfe-siegen.de\/#\/schema\/logo\/image\/\",\"url\":\"https:\/\/www.hospizhilfe-siegen.de\/wp-content\/uploads\/2017\/03\/logo_400.jpg\",\"contentUrl\":\"https:\/\/www.hospizhilfe-siegen.de\/wp-content\/uploads\/2017\/03\/logo_400.jpg\",\"width\":407,\"height\":159,\"caption\":\"Ambulante \u00f6kumenische Hospizhilfe Siegen e.V.\"},\"image\":{\"@id\":\"https:\/\/www.hospizhilfe-siegen.de\/#\/schema\/logo\/image\/\"},\"sameAs\":[\"https:\/\/www.facebook.com\/HospizhilfeSiegen\"]},{\"@type\":\"Person\",\"@id\":\"https:\/\/www.hospizhilfe-siegen.de\/#\/schema\/person\/1d53ac5920f5c84fe0be32cf3691d9c2\",\"name\":\"Christiane Howe\",\"sameAs\":[\"https:\/\/www.hospizhilfe-siegen.de\"],\"url\":\"https:\/\/www.hospizhilfe-siegen.de\/?author=8\"}]}<\/script>\n<!-- \/ Yoast SEO plugin. -->","yoast_head_json":{"title":"Ehrenamtliche Begleitung in Zeiten von Corona - hospizhilfe siegen","robots":{"index":"index","follow":"follow","max-snippet":"max-snippet:-1","max-image-preview":"max-image-preview:large","max-video-preview":"max-video-preview:-1"},"canonical":"https:\/\/www.hospizhilfe-siegen.de\/?p=1945","og_locale":"de_DE","og_type":"article","og_title":"Ehrenamtliche Begleitung in Zeiten von Corona - hospizhilfe siegen","og_description":"Unser ehrenamtlicher Mitarbeiter J\u00fcrgen S. berichtet&#8230;","og_url":"https:\/\/www.hospizhilfe-siegen.de\/?p=1945","og_site_name":"hospizhilfe siegen","article_publisher":"https:\/\/www.facebook.com\/HospizhilfeSiegen","article_published_time":"2020-04-30T12:58:09+00:00","article_modified_time":"2020-05-02T05:50:54+00:00","og_image":[{"width":2560,"height":1441,"url":"https:\/\/www.hospizhilfe-siegen.de\/wp-content\/uploads\/2020\/04\/1040041-scaled.jpg","type":"image\/jpeg"}],"author":"Christiane Howe","twitter_card":"summary_large_image","twitter_misc":{"Verfasst von":"Christiane Howe","Gesch\u00e4tzte Lesezeit":"2\u00a0Minuten"},"schema":{"@context":"https:\/\/schema.org","@graph":[{"@type":"Article","@id":"https:\/\/www.hospizhilfe-siegen.de\/?p=1945#article","isPartOf":{"@id":"https:\/\/www.hospizhilfe-siegen.de\/?p=1945"},"author":{"name":"Christiane Howe","@id":"https:\/\/www.hospizhilfe-siegen.de\/#\/schema\/person\/1d53ac5920f5c84fe0be32cf3691d9c2"},"headline":"Ehrenamtliche Begleitung in Zeiten von Corona","datePublished":"2020-04-30T12:58:09+00:00","dateModified":"2020-05-02T05:50:54+00:00","mainEntityOfPage":{"@id":"https:\/\/www.hospizhilfe-siegen.de\/?p=1945"},"wordCount":314,"publisher":{"@id":"https:\/\/www.hospizhilfe-siegen.de\/#organization"},"image":{"@id":"https:\/\/www.hospizhilfe-siegen.de\/?p=1945#primaryimage"},"thumbnailUrl":"https:\/\/www.hospizhilfe-siegen.de\/wp-content\/uploads\/2020\/04\/1040041-scaled.jpg","keywords":["corona","Ehrenamt","Hospizhilfe"],"articleSection":["Uncategorized"],"inLanguage":"de"},{"@type":"WebPage","@id":"https:\/\/www.hospizhilfe-siegen.de\/?p=1945","url":"https:\/\/www.hospizhilfe-siegen.de\/?p=1945","name":"Ehrenamtliche Begleitung in Zeiten von Corona - hospizhilfe siegen","isPartOf":{"@id":"https:\/\/www.hospizhilfe-siegen.de\/#website"},"primaryImageOfPage":{"@id":"https:\/\/www.hospizhilfe-siegen.de\/?p=1945#primaryimage"},"image":{"@id":"https:\/\/www.hospizhilfe-siegen.de\/?p=1945#primaryimage"},"thumbnailUrl":"https:\/\/www.hospizhilfe-siegen.de\/wp-content\/uploads\/2020\/04\/1040041-scaled.jpg","datePublished":"2020-04-30T12:58:09+00:00","dateModified":"2020-05-02T05:50:54+00:00","breadcrumb":{"@id":"https:\/\/www.hospizhilfe-siegen.de\/?p=1945#breadcrumb"},"inLanguage":"de","potentialAction":[{"@type":"ReadAction","target":["https:\/\/www.hospizhilfe-siegen.de\/?p=1945"]}]},{"@type":"ImageObject","inLanguage":"de","@id":"https:\/\/www.hospizhilfe-siegen.de\/?p=1945#primaryimage","url":"https:\/\/www.hospizhilfe-siegen.de\/wp-content\/uploads\/2020\/04\/1040041-scaled.jpg","contentUrl":"https:\/\/www.hospizhilfe-siegen.de\/wp-content\/uploads\/2020\/04\/1040041-scaled.jpg","width":2560,"height":1441},{"@type":"BreadcrumbList","@id":"https:\/\/www.hospizhilfe-siegen.de\/?p=1945#breadcrumb","itemListElement":[{"@type":"ListItem","position":1,"name":"Startseite","item":"https:\/\/www.hospizhilfe-siegen.de\/"},{"@type":"ListItem","position":2,"name":"Ehrenamtliche Begleitung in Zeiten von Corona"}]},{"@type":"WebSite","@id":"https:\/\/www.hospizhilfe-siegen.de\/#website","url":"https:\/\/www.hospizhilfe-siegen.de\/","name":"hospizhilfe siegen","description":"","publisher":{"@id":"https:\/\/www.hospizhilfe-siegen.de\/#organization"},"potentialAction":[{"@type":"SearchAction","target":{"@type":"EntryPoint","urlTemplate":"https:\/\/www.hospizhilfe-siegen.de\/?s={search_term_string}"},"query-input":{"@type":"PropertyValueSpecification","valueRequired":true,"valueName":"search_term_string"}}],"inLanguage":"de"},{"@type":"Organization","@id":"https:\/\/www.hospizhilfe-siegen.de\/#organization","name":"Ambulante \u00f6kumenische Hospizhilfe Siegen e.V.","url":"https:\/\/www.hospizhilfe-siegen.de\/","logo":{"@type":"ImageObject","inLanguage":"de","@id":"https:\/\/www.hospizhilfe-siegen.de\/#\/schema\/logo\/image\/","url":"https:\/\/www.hospizhilfe-siegen.de\/wp-content\/uploads\/2017\/03\/logo_400.jpg","contentUrl":"https:\/\/www.hospizhilfe-siegen.de\/wp-content\/uploads\/2017\/03\/logo_400.jpg","width":407,"height":159,"caption":"Ambulante \u00f6kumenische Hospizhilfe Siegen e.V."},"image":{"@id":"https:\/\/www.hospizhilfe-siegen.de\/#\/schema\/logo\/image\/"},"sameAs":["https:\/\/www.facebook.com\/HospizhilfeSiegen"]},{"@type":"Person","@id":"https:\/\/www.hospizhilfe-siegen.de\/#\/schema\/person\/1d53ac5920f5c84fe0be32cf3691d9c2","name":"Christiane Howe","sameAs":["https:\/\/www.hospizhilfe-siegen.de"],"url":"https:\/\/www.hospizhilfe-siegen.de\/?author=8"}]}},"_links":{"self":[{"href":"https:\/\/www.hospizhilfe-siegen.de\/index.php?rest_route=\/wp\/v2\/posts\/1945","targetHints":{"allow":["GET"]}}],"collection":[{"href":"https:\/\/www.hospizhilfe-siegen.de\/index.php?rest_route=\/wp\/v2\/posts"}],"about":[{"href":"https:\/\/www.hospizhilfe-siegen.de\/index.php?rest_route=\/wp\/v2\/types\/post"}],"author":[{"embeddable":true,"href":"https:\/\/www.hospizhilfe-siegen.de\/index.php?rest_route=\/wp\/v2\/users\/8"}],"replies":[{"embeddable":true,"href":"https:\/\/www.hospizhilfe-siegen.de\/index.php?rest_route=%2Fwp%2Fv2%2Fcomments&post=1945"}],"version-history":[{"count":8,"href":"https:\/\/www.hospizhilfe-siegen.de\/index.php?rest_route=\/wp\/v2\/posts\/1945\/revisions"}],"predecessor-version":[{"id":1960,"href":"https:\/\/www.hospizhilfe-siegen.de\/index.php?rest_route=\/wp\/v2\/posts\/1945\/revisions\/1960"}],"wp:featuredmedia":[{"embeddable":true,"href":"https:\/\/www.hospizhilfe-siegen.de\/index.php?rest_route=\/wp\/v2\/media\/1956"}],"wp:attachment":[{"href":"https:\/\/www.hospizhilfe-siegen.de\/index.php?rest_route=%2Fwp%2Fv2%2Fmedia&parent=1945"}],"wp:term":[{"taxonomy":"category","embeddable":true,"href":"https:\/\/www.hospizhilfe-siegen.de\/index.php?rest_route=%2Fwp%2Fv2%2Fcategories&post=1945"},{"taxonomy":"post_tag","embeddable":true,"href":"https:\/\/www.hospizhilfe-siegen.de\/index.php?rest_route=%2Fwp%2Fv2%2Ftags&post=1945"}],"curies":[{"name":"wp","href":"https:\/\/api.w.org\/{rel}","templated":true}]}}