{"id":3281,"date":"2023-02-27T09:44:33","date_gmt":"2023-02-27T09:44:33","guid":{"rendered":"https:\/\/www.hospizhilfe-siegen.de\/?p=3281"},"modified":"2023-05-15T15:54:27","modified_gmt":"2023-05-15T15:54:27","slug":"wdr-fernsehen-besucht-die-trauerkombuese","status":"publish","type":"post","link":"https:\/\/www.hospizhilfe-siegen.de\/?p=3281","title":{"rendered":"<strong>WDR-Fernsehen besucht die Trauerkomb\u00fcse<\/strong>"},"content":{"rendered":"\n<figure class=\"wp-block-image size-large is-style-default\"><img loading=\"lazy\" decoding=\"async\" width=\"1024\" height=\"768\" src=\"https:\/\/www.hospizhilfe-siegen.de\/wp-content\/uploads\/2023\/02\/Kochen3-1024x768.jpg\" alt=\"Trauerkomb\u00fcse\" class=\"wp-image-3277\" srcset=\"https:\/\/www.hospizhilfe-siegen.de\/wp-content\/uploads\/2023\/02\/Kochen3-1024x768.jpg 1024w, https:\/\/www.hospizhilfe-siegen.de\/wp-content\/uploads\/2023\/02\/Kochen3-300x225.jpg 300w, https:\/\/www.hospizhilfe-siegen.de\/wp-content\/uploads\/2023\/02\/Kochen3-768x576.jpg 768w, https:\/\/www.hospizhilfe-siegen.de\/wp-content\/uploads\/2023\/02\/Kochen3-1536x1152.jpg 1536w, https:\/\/www.hospizhilfe-siegen.de\/wp-content\/uploads\/2023\/02\/Kochen3-2048x1536.jpg 2048w\" sizes=\"auto, (max-width: 1024px) 100vw, 1024px\" \/><\/figure>\n\n\n\n<p><strong>Beitrag in der Lokalzeit S\u00fcdwestfalen am 28.02.23 um 19.30 Uhr<\/strong><\/p>\n\n\n\n<!--more-->\n\n\n\n<p>Seit Dezember 2022 gibt es die Trauerkomb\u00fcse: ein Angebot der Ambulanten \u00f6kumenischen Hospizhilfe Siegen e.V. f\u00fcr trauernde M\u00e4nner, bei dem sie \u2013 begleitet von vier Ehrenamtlichen des Vereins \u2013 ihrer Trauer Raum geben k\u00f6nnen und nebenbei einige F\u00e4higkeiten in der K\u00fcche erlernen bzw. vertiefen k\u00f6nnen.<br>Diese Woche erfolgte das mittlerweile f\u00fcnfte Treffen in den R\u00e4umen der Tagespflege Statt Altenheim in Siegen- Birlenbach, wo wir eine K\u00fcche mit Essbereich nutzen d\u00fcrfen.<\/p>\n\n\n\n<p>Auf Wunsch der Teilnehmer stand dieses Mal eine Gem\u00fcsesuppe \u201eQuer durch den Garten\u201c auf dem Speiseplan; als Dessert gab es Cr\u00eapes mit s\u00fc\u00dfem Aufstrich.<br>Das war echt lecker und die Zusammenarbeit in der K\u00fcche beim Schnippeln, Anbraten, Tisch decken, Aufr\u00e4umen etc. l\u00e4uft sehr gut.<br>Besonders sch\u00f6n und ber\u00fchrend ist es jedoch zu sehen, wie die Gruppe der trauernden Witwer von Mal zu Mal enger zusammenw\u00e4chst: Da wird \u00fcber Allt\u00e4gliches geschw\u00e4tzt, \u00fcber Politik diskutiert, das Essen bewertet. Aber auch die Trauer ist immer wieder Thema: Mal mehr, mal weniger, mitunter mit rationalem Ansatz reflektierend, dann wieder emotional ergriffen.<br>Auf jeden Fall darf jeder auf seine eigene Art und Weise trauern; wissend und dankbar daf\u00fcr, dass er mit Menschen zusammen ist, die \u00c4hnliches erleb(t)en und ihn deshalb verstehen.<\/p>\n\n\n\n<p>Davon konnte sich dieses Mal auch ein Team des WDR \u00fcberzeugen.<\/p>\n\n\n\n<p><a href=\"https:\/\/youtu.be\/IbaPXA980OU\" target=\"_blank\" rel=\"noreferrer noopener\">Ein Beitrag \u00fcber die Trauerkomb\u00fcse wurde am Dienstag, dem 28.02.23 um 19.30 Uhr in der Lokalzeit S\u00fcdwestfalen ausgestrahlt.<\/a><\/p>\n","protected":false},"excerpt":{"rendered":"<p>Beitrag in der Lokalzeit S\u00fcdwestfalen am 28.02.23 um 19.30 Uhr<\/p>\n","protected":false},"author":8,"featured_media":3279,"comment_status":"closed","ping_status":"closed","sticky":false,"template":"","format":"standard","meta":{"footnotes":""},"categories":[1],"tags":[37,11,103,8,54,145],"class_list":["post-3281","post","type-post","status-publish","format-standard","has-post-thumbnail","hentry","category-uncategorized","tag-ehrenamt","tag-hospizhilfe","tag-maenner","tag-siegen","tag-trauer","tag-trauerkombuese"],"yoast_head":"<!-- This site is optimized with the Yoast SEO plugin v26.3 - https:\/\/yoast.com\/wordpress\/plugins\/seo\/ -->\n<title>WDR-Fernsehen besucht die Trauerkomb\u00fcse - hospizhilfe siegen<\/title>\n<meta name=\"robots\" content=\"index, follow, max-snippet:-1, max-image-preview:large, max-video-preview:-1\" \/>\n<link rel=\"canonical\" href=\"https:\/\/www.hospizhilfe-siegen.de\/?p=3281\" \/>\n<meta property=\"og:locale\" content=\"de_DE\" \/>\n<meta property=\"og:type\" content=\"article\" \/>\n<meta property=\"og:title\" content=\"WDR-Fernsehen besucht die Trauerkomb\u00fcse - hospizhilfe siegen\" \/>\n<meta property=\"og:description\" content=\"Beitrag in der Lokalzeit S\u00fcdwestfalen am 28.02.23 um 19.30 Uhr\" \/>\n<meta property=\"og:url\" content=\"https:\/\/www.hospizhilfe-siegen.de\/?p=3281\" \/>\n<meta property=\"og:site_name\" content=\"hospizhilfe siegen\" \/>\n<meta property=\"article:publisher\" content=\"https:\/\/www.facebook.com\/HospizhilfeSiegen\" \/>\n<meta property=\"article:published_time\" content=\"2023-02-27T09:44:33+00:00\" \/>\n<meta property=\"article:modified_time\" content=\"2023-05-15T15:54:27+00:00\" \/>\n<meta property=\"og:image\" content=\"https:\/\/www.hospizhilfe-siegen.de\/wp-content\/uploads\/2023\/02\/Kochen2-e1677491011706.jpeg\" \/>\n\t<meta property=\"og:image:width\" content=\"448\" \/>\n\t<meta property=\"og:image:height\" content=\"515\" \/>\n\t<meta property=\"og:image:type\" content=\"image\/jpeg\" \/>\n<meta name=\"author\" content=\"Christiane Howe\" \/>\n<meta name=\"twitter:card\" content=\"summary_large_image\" \/>\n<meta name=\"twitter:label1\" content=\"Verfasst von\" \/>\n\t<meta name=\"twitter:data1\" content=\"Christiane Howe\" \/>\n\t<meta name=\"twitter:label2\" content=\"Gesch\u00e4tzte Lesezeit\" \/>\n\t<meta name=\"twitter:data2\" content=\"2\u00a0Minuten\" \/>\n<script type=\"application\/ld+json\" class=\"yoast-schema-graph\">{\"@context\":\"https:\/\/schema.org\",\"@graph\":[{\"@type\":\"Article\",\"@id\":\"https:\/\/www.hospizhilfe-siegen.de\/?p=3281#article\",\"isPartOf\":{\"@id\":\"https:\/\/www.hospizhilfe-siegen.de\/?p=3281\"},\"author\":{\"name\":\"Christiane Howe\",\"@id\":\"https:\/\/www.hospizhilfe-siegen.de\/#\/schema\/person\/1d53ac5920f5c84fe0be32cf3691d9c2\"},\"headline\":\"WDR-Fernsehen besucht die Trauerkomb\u00fcse\",\"datePublished\":\"2023-02-27T09:44:33+00:00\",\"dateModified\":\"2023-05-15T15:54:27+00:00\",\"mainEntityOfPage\":{\"@id\":\"https:\/\/www.hospizhilfe-siegen.de\/?p=3281\"},\"wordCount\":262,\"publisher\":{\"@id\":\"https:\/\/www.hospizhilfe-siegen.de\/#organization\"},\"image\":{\"@id\":\"https:\/\/www.hospizhilfe-siegen.de\/?p=3281#primaryimage\"},\"thumbnailUrl\":\"https:\/\/www.hospizhilfe-siegen.de\/wp-content\/uploads\/2023\/02\/Kochen2-e1677491011706.jpeg\",\"keywords\":[\"Ehrenamt\",\"Hospizhilfe\",\"M\u00e4nner\",\"Siegen\",\"Trauer\",\"Trauerkomb\u00fcse\"],\"articleSection\":[\"Uncategorized\"],\"inLanguage\":\"de\"},{\"@type\":\"WebPage\",\"@id\":\"https:\/\/www.hospizhilfe-siegen.de\/?p=3281\",\"url\":\"https:\/\/www.hospizhilfe-siegen.de\/?p=3281\",\"name\":\"WDR-Fernsehen besucht die Trauerkomb\u00fcse - hospizhilfe siegen\",\"isPartOf\":{\"@id\":\"https:\/\/www.hospizhilfe-siegen.de\/#website\"},\"primaryImageOfPage\":{\"@id\":\"https:\/\/www.hospizhilfe-siegen.de\/?p=3281#primaryimage\"},\"image\":{\"@id\":\"https:\/\/www.hospizhilfe-siegen.de\/?p=3281#primaryimage\"},\"thumbnailUrl\":\"https:\/\/www.hospizhilfe-siegen.de\/wp-content\/uploads\/2023\/02\/Kochen2-e1677491011706.jpeg\",\"datePublished\":\"2023-02-27T09:44:33+00:00\",\"dateModified\":\"2023-05-15T15:54:27+00:00\",\"breadcrumb\":{\"@id\":\"https:\/\/www.hospizhilfe-siegen.de\/?p=3281#breadcrumb\"},\"inLanguage\":\"de\",\"potentialAction\":[{\"@type\":\"ReadAction\",\"target\":[\"https:\/\/www.hospizhilfe-siegen.de\/?p=3281\"]}]},{\"@type\":\"ImageObject\",\"inLanguage\":\"de\",\"@id\":\"https:\/\/www.hospizhilfe-siegen.de\/?p=3281#primaryimage\",\"url\":\"https:\/\/www.hospizhilfe-siegen.de\/wp-content\/uploads\/2023\/02\/Kochen2-e1677491011706.jpeg\",\"contentUrl\":\"https:\/\/www.hospizhilfe-siegen.de\/wp-content\/uploads\/2023\/02\/Kochen2-e1677491011706.jpeg\",\"width\":448,\"height\":515,\"caption\":\"Trauerkomb\u00fcse\"},{\"@type\":\"BreadcrumbList\",\"@id\":\"https:\/\/www.hospizhilfe-siegen.de\/?p=3281#breadcrumb\",\"itemListElement\":[{\"@type\":\"ListItem\",\"position\":1,\"name\":\"Startseite\",\"item\":\"https:\/\/www.hospizhilfe-siegen.de\/\"},{\"@type\":\"ListItem\",\"position\":2,\"name\":\"WDR-Fernsehen besucht die Trauerkomb\u00fcse\"}]},{\"@type\":\"WebSite\",\"@id\":\"https:\/\/www.hospizhilfe-siegen.de\/#website\",\"url\":\"https:\/\/www.hospizhilfe-siegen.de\/\",\"name\":\"hospizhilfe siegen\",\"description\":\"\",\"publisher\":{\"@id\":\"https:\/\/www.hospizhilfe-siegen.de\/#organization\"},\"potentialAction\":[{\"@type\":\"SearchAction\",\"target\":{\"@type\":\"EntryPoint\",\"urlTemplate\":\"https:\/\/www.hospizhilfe-siegen.de\/?s={search_term_string}\"},\"query-input\":{\"@type\":\"PropertyValueSpecification\",\"valueRequired\":true,\"valueName\":\"search_term_string\"}}],\"inLanguage\":\"de\"},{\"@type\":\"Organization\",\"@id\":\"https:\/\/www.hospizhilfe-siegen.de\/#organization\",\"name\":\"Ambulante \u00f6kumenische Hospizhilfe Siegen e.V.\",\"url\":\"https:\/\/www.hospizhilfe-siegen.de\/\",\"logo\":{\"@type\":\"ImageObject\",\"inLanguage\":\"de\",\"@id\":\"https:\/\/www.hospizhilfe-siegen.de\/#\/schema\/logo\/image\/\",\"url\":\"https:\/\/www.hospizhilfe-siegen.de\/wp-content\/uploads\/2017\/03\/logo_400.jpg\",\"contentUrl\":\"https:\/\/www.hospizhilfe-siegen.de\/wp-content\/uploads\/2017\/03\/logo_400.jpg\",\"width\":407,\"height\":159,\"caption\":\"Ambulante \u00f6kumenische Hospizhilfe Siegen e.V.\"},\"image\":{\"@id\":\"https:\/\/www.hospizhilfe-siegen.de\/#\/schema\/logo\/image\/\"},\"sameAs\":[\"https:\/\/www.facebook.com\/HospizhilfeSiegen\"]},{\"@type\":\"Person\",\"@id\":\"https:\/\/www.hospizhilfe-siegen.de\/#\/schema\/person\/1d53ac5920f5c84fe0be32cf3691d9c2\",\"name\":\"Christiane Howe\",\"sameAs\":[\"https:\/\/www.hospizhilfe-siegen.de\"],\"url\":\"https:\/\/www.hospizhilfe-siegen.de\/?author=8\"}]}<\/script>\n<!-- \/ Yoast SEO plugin. -->","yoast_head_json":{"title":"WDR-Fernsehen besucht die Trauerkomb\u00fcse - hospizhilfe siegen","robots":{"index":"index","follow":"follow","max-snippet":"max-snippet:-1","max-image-preview":"max-image-preview:large","max-video-preview":"max-video-preview:-1"},"canonical":"https:\/\/www.hospizhilfe-siegen.de\/?p=3281","og_locale":"de_DE","og_type":"article","og_title":"WDR-Fernsehen besucht die Trauerkomb\u00fcse - hospizhilfe siegen","og_description":"Beitrag in der Lokalzeit S\u00fcdwestfalen am 28.02.23 um 19.30 Uhr","og_url":"https:\/\/www.hospizhilfe-siegen.de\/?p=3281","og_site_name":"hospizhilfe siegen","article_publisher":"https:\/\/www.facebook.com\/HospizhilfeSiegen","article_published_time":"2023-02-27T09:44:33+00:00","article_modified_time":"2023-05-15T15:54:27+00:00","og_image":[{"width":448,"height":515,"url":"https:\/\/www.hospizhilfe-siegen.de\/wp-content\/uploads\/2023\/02\/Kochen2-e1677491011706.jpeg","type":"image\/jpeg"}],"author":"Christiane Howe","twitter_card":"summary_large_image","twitter_misc":{"Verfasst von":"Christiane Howe","Gesch\u00e4tzte Lesezeit":"2\u00a0Minuten"},"schema":{"@context":"https:\/\/schema.org","@graph":[{"@type":"Article","@id":"https:\/\/www.hospizhilfe-siegen.de\/?p=3281#article","isPartOf":{"@id":"https:\/\/www.hospizhilfe-siegen.de\/?p=3281"},"author":{"name":"Christiane Howe","@id":"https:\/\/www.hospizhilfe-siegen.de\/#\/schema\/person\/1d53ac5920f5c84fe0be32cf3691d9c2"},"headline":"WDR-Fernsehen besucht die Trauerkomb\u00fcse","datePublished":"2023-02-27T09:44:33+00:00","dateModified":"2023-05-15T15:54:27+00:00","mainEntityOfPage":{"@id":"https:\/\/www.hospizhilfe-siegen.de\/?p=3281"},"wordCount":262,"publisher":{"@id":"https:\/\/www.hospizhilfe-siegen.de\/#organization"},"image":{"@id":"https:\/\/www.hospizhilfe-siegen.de\/?p=3281#primaryimage"},"thumbnailUrl":"https:\/\/www.hospizhilfe-siegen.de\/wp-content\/uploads\/2023\/02\/Kochen2-e1677491011706.jpeg","keywords":["Ehrenamt","Hospizhilfe","M\u00e4nner","Siegen","Trauer","Trauerkomb\u00fcse"],"articleSection":["Uncategorized"],"inLanguage":"de"},{"@type":"WebPage","@id":"https:\/\/www.hospizhilfe-siegen.de\/?p=3281","url":"https:\/\/www.hospizhilfe-siegen.de\/?p=3281","name":"WDR-Fernsehen besucht die Trauerkomb\u00fcse - hospizhilfe siegen","isPartOf":{"@id":"https:\/\/www.hospizhilfe-siegen.de\/#website"},"primaryImageOfPage":{"@id":"https:\/\/www.hospizhilfe-siegen.de\/?p=3281#primaryimage"},"image":{"@id":"https:\/\/www.hospizhilfe-siegen.de\/?p=3281#primaryimage"},"thumbnailUrl":"https:\/\/www.hospizhilfe-siegen.de\/wp-content\/uploads\/2023\/02\/Kochen2-e1677491011706.jpeg","datePublished":"2023-02-27T09:44:33+00:00","dateModified":"2023-05-15T15:54:27+00:00","breadcrumb":{"@id":"https:\/\/www.hospizhilfe-siegen.de\/?p=3281#breadcrumb"},"inLanguage":"de","potentialAction":[{"@type":"ReadAction","target":["https:\/\/www.hospizhilfe-siegen.de\/?p=3281"]}]},{"@type":"ImageObject","inLanguage":"de","@id":"https:\/\/www.hospizhilfe-siegen.de\/?p=3281#primaryimage","url":"https:\/\/www.hospizhilfe-siegen.de\/wp-content\/uploads\/2023\/02\/Kochen2-e1677491011706.jpeg","contentUrl":"https:\/\/www.hospizhilfe-siegen.de\/wp-content\/uploads\/2023\/02\/Kochen2-e1677491011706.jpeg","width":448,"height":515,"caption":"Trauerkomb\u00fcse"},{"@type":"BreadcrumbList","@id":"https:\/\/www.hospizhilfe-siegen.de\/?p=3281#breadcrumb","itemListElement":[{"@type":"ListItem","position":1,"name":"Startseite","item":"https:\/\/www.hospizhilfe-siegen.de\/"},{"@type":"ListItem","position":2,"name":"WDR-Fernsehen besucht die Trauerkomb\u00fcse"}]},{"@type":"WebSite","@id":"https:\/\/www.hospizhilfe-siegen.de\/#website","url":"https:\/\/www.hospizhilfe-siegen.de\/","name":"hospizhilfe siegen","description":"","publisher":{"@id":"https:\/\/www.hospizhilfe-siegen.de\/#organization"},"potentialAction":[{"@type":"SearchAction","target":{"@type":"EntryPoint","urlTemplate":"https:\/\/www.hospizhilfe-siegen.de\/?s={search_term_string}"},"query-input":{"@type":"PropertyValueSpecification","valueRequired":true,"valueName":"search_term_string"}}],"inLanguage":"de"},{"@type":"Organization","@id":"https:\/\/www.hospizhilfe-siegen.de\/#organization","name":"Ambulante \u00f6kumenische Hospizhilfe Siegen e.V.","url":"https:\/\/www.hospizhilfe-siegen.de\/","logo":{"@type":"ImageObject","inLanguage":"de","@id":"https:\/\/www.hospizhilfe-siegen.de\/#\/schema\/logo\/image\/","url":"https:\/\/www.hospizhilfe-siegen.de\/wp-content\/uploads\/2017\/03\/logo_400.jpg","contentUrl":"https:\/\/www.hospizhilfe-siegen.de\/wp-content\/uploads\/2017\/03\/logo_400.jpg","width":407,"height":159,"caption":"Ambulante \u00f6kumenische Hospizhilfe Siegen e.V."},"image":{"@id":"https:\/\/www.hospizhilfe-siegen.de\/#\/schema\/logo\/image\/"},"sameAs":["https:\/\/www.facebook.com\/HospizhilfeSiegen"]},{"@type":"Person","@id":"https:\/\/www.hospizhilfe-siegen.de\/#\/schema\/person\/1d53ac5920f5c84fe0be32cf3691d9c2","name":"Christiane Howe","sameAs":["https:\/\/www.hospizhilfe-siegen.de"],"url":"https:\/\/www.hospizhilfe-siegen.de\/?author=8"}]}},"_links":{"self":[{"href":"https:\/\/www.hospizhilfe-siegen.de\/index.php?rest_route=\/wp\/v2\/posts\/3281","targetHints":{"allow":["GET"]}}],"collection":[{"href":"https:\/\/www.hospizhilfe-siegen.de\/index.php?rest_route=\/wp\/v2\/posts"}],"about":[{"href":"https:\/\/www.hospizhilfe-siegen.de\/index.php?rest_route=\/wp\/v2\/types\/post"}],"author":[{"embeddable":true,"href":"https:\/\/www.hospizhilfe-siegen.de\/index.php?rest_route=\/wp\/v2\/users\/8"}],"replies":[{"embeddable":true,"href":"https:\/\/www.hospizhilfe-siegen.de\/index.php?rest_route=%2Fwp%2Fv2%2Fcomments&post=3281"}],"version-history":[{"count":4,"href":"https:\/\/www.hospizhilfe-siegen.de\/index.php?rest_route=\/wp\/v2\/posts\/3281\/revisions"}],"predecessor-version":[{"id":3380,"href":"https:\/\/www.hospizhilfe-siegen.de\/index.php?rest_route=\/wp\/v2\/posts\/3281\/revisions\/3380"}],"wp:featuredmedia":[{"embeddable":true,"href":"https:\/\/www.hospizhilfe-siegen.de\/index.php?rest_route=\/wp\/v2\/media\/3279"}],"wp:attachment":[{"href":"https:\/\/www.hospizhilfe-siegen.de\/index.php?rest_route=%2Fwp%2Fv2%2Fmedia&parent=3281"}],"wp:term":[{"taxonomy":"category","embeddable":true,"href":"https:\/\/www.hospizhilfe-siegen.de\/index.php?rest_route=%2Fwp%2Fv2%2Fcategories&post=3281"},{"taxonomy":"post_tag","embeddable":true,"href":"https:\/\/www.hospizhilfe-siegen.de\/index.php?rest_route=%2Fwp%2Fv2%2Ftags&post=3281"}],"curies":[{"name":"wp","href":"https:\/\/api.w.org\/{rel}","templated":true}]}}