{"id":3528,"date":"2023-10-02T11:19:24","date_gmt":"2023-10-02T11:19:24","guid":{"rendered":"https:\/\/www.hospizhilfe-siegen.de\/?p=3528"},"modified":"2023-10-02T15:14:01","modified_gmt":"2023-10-02T15:14:01","slug":"maenner-trauern-oft-anders-aber-nicht-falsch-2","status":"publish","type":"post","link":"https:\/\/www.hospizhilfe-siegen.de\/?p=3528","title":{"rendered":"Trauercaf\u00e8 im &#8222;Haus Herbstzeitlos&#8220;"},"content":{"rendered":"\n<figure class=\"wp-block-image size-full\"><img loading=\"lazy\" decoding=\"async\" width=\"408\" height=\"578\" src=\"https:\/\/www.hospizhilfe-siegen.de\/wp-content\/uploads\/2023\/10\/Aushang_09.10.2023.png\" alt=\"\" class=\"wp-image-3555\" srcset=\"https:\/\/www.hospizhilfe-siegen.de\/wp-content\/uploads\/2023\/10\/Aushang_09.10.2023.png 408w, https:\/\/www.hospizhilfe-siegen.de\/wp-content\/uploads\/2023\/10\/Aushang_09.10.2023-212x300.png 212w\" sizes=\"auto, (max-width: 408px) 100vw, 408px\" \/><figcaption class=\"wp-element-caption\">Aushang<\/figcaption><\/figure>\n\n\n\n<p>Ein Angebot f\u00fcr trauernde Menschen<\/p>\n\n\n\n<!--more-->\n\n\n\n<p><strong>Terminabsage<\/strong><\/p>\n\n\n\n<p>Trauercaf\u00e9 &#8211; Ein Angebot f\u00fcr trauernde Menschen<\/p>\n\n\n\n<p>Das Trauercaf\u00e9 der Ambulanten \u00f6kumenischen Hospizhilfe Siegen e.V.<br>bleibt am Montag, den 09.10.2023 im Haus Herbstzeitlos geschlossen.<\/p>\n\n\n\n<p>Ab dem 26. Oktober sind wir wieder f\u00fcr Sie da.<br><\/p>\n\n\n\n<p>Informationen erhalten Sie unter:<br>Koordinationsstelle f\u00fcr Ambulante Hospizarbeit<br>beim Caritasverband Siegen-Wittgenstein e.V.<br>Numbachstra\u00dfe 30,<br>57072 Siegen<\/p>\n\n\n\n<p>Telefon: 0271\/23602-67<br>Mobil: 0160-99 49 40 56<\/p>\n","protected":false},"excerpt":{"rendered":"<p>Ein Angebot f\u00fcr trauernde Menschen<\/p>\n","protected":false},"author":10,"featured_media":3557,"comment_status":"closed","ping_status":"closed","sticky":false,"template":"","format":"standard","meta":{"footnotes":""},"categories":[1],"tags":[182,47,37,11,103,54,145],"class_list":["post-3528","post","type-post","status-publish","format-standard","has-post-thumbnail","hentry","category-uncategorized","tag-ambulante-hospizarbeit","tag-caritas","tag-ehrenamt","tag-hospizhilfe","tag-maenner","tag-trauer","tag-trauerkombuese"],"yoast_head":"<!-- This site is optimized with the Yoast SEO plugin v26.3 - https:\/\/yoast.com\/wordpress\/plugins\/seo\/ -->\n<title>Trauercaf\u00e8 im &quot;Haus Herbstzeitlos&quot; - hospizhilfe siegen<\/title>\n<meta name=\"robots\" content=\"index, follow, max-snippet:-1, max-image-preview:large, max-video-preview:-1\" \/>\n<link rel=\"canonical\" href=\"https:\/\/www.hospizhilfe-siegen.de\/?p=3528\" \/>\n<meta property=\"og:locale\" content=\"de_DE\" \/>\n<meta property=\"og:type\" content=\"article\" \/>\n<meta property=\"og:title\" content=\"Trauercaf\u00e8 im &quot;Haus Herbstzeitlos&quot; - hospizhilfe siegen\" \/>\n<meta property=\"og:description\" content=\"Ein Angebot f\u00fcr trauernde Menschen\" \/>\n<meta property=\"og:url\" content=\"https:\/\/www.hospizhilfe-siegen.de\/?p=3528\" \/>\n<meta property=\"og:site_name\" content=\"hospizhilfe siegen\" \/>\n<meta property=\"article:publisher\" content=\"https:\/\/www.facebook.com\/HospizhilfeSiegen\" \/>\n<meta property=\"article:published_time\" content=\"2023-10-02T11:19:24+00:00\" \/>\n<meta property=\"article:modified_time\" content=\"2023-10-02T15:14:01+00:00\" \/>\n<meta property=\"og:image\" content=\"https:\/\/www.hospizhilfe-siegen.de\/wp-content\/uploads\/2023\/10\/Tasse-mit-Schrift-gelb.gif\" \/>\n\t<meta property=\"og:image:width\" content=\"793\" \/>\n\t<meta property=\"og:image:height\" content=\"1122\" \/>\n\t<meta property=\"og:image:type\" content=\"image\/gif\" \/>\n<meta name=\"author\" content=\"J\u00fcrgen Schade\" \/>\n<meta name=\"twitter:card\" content=\"summary_large_image\" \/>\n<meta name=\"twitter:label1\" content=\"Verfasst von\" \/>\n\t<meta name=\"twitter:data1\" content=\"J\u00fcrgen Schade\" \/>\n\t<meta name=\"twitter:label2\" content=\"Gesch\u00e4tzte Lesezeit\" \/>\n\t<meta name=\"twitter:data2\" content=\"1\u00a0Minute\" \/>\n<script type=\"application\/ld+json\" class=\"yoast-schema-graph\">{\"@context\":\"https:\/\/schema.org\",\"@graph\":[{\"@type\":\"Article\",\"@id\":\"https:\/\/www.hospizhilfe-siegen.de\/?p=3528#article\",\"isPartOf\":{\"@id\":\"https:\/\/www.hospizhilfe-siegen.de\/?p=3528\"},\"author\":{\"name\":\"J\u00fcrgen Schade\",\"@id\":\"https:\/\/www.hospizhilfe-siegen.de\/#\/schema\/person\/bb99d5fa32b377dfa70162bce7848619\"},\"headline\":\"Trauercaf\u00e8 im &#8222;Haus Herbstzeitlos&#8220;\",\"datePublished\":\"2023-10-02T11:19:24+00:00\",\"dateModified\":\"2023-10-02T15:14:01+00:00\",\"mainEntityOfPage\":{\"@id\":\"https:\/\/www.hospizhilfe-siegen.de\/?p=3528\"},\"wordCount\":67,\"publisher\":{\"@id\":\"https:\/\/www.hospizhilfe-siegen.de\/#organization\"},\"image\":{\"@id\":\"https:\/\/www.hospizhilfe-siegen.de\/?p=3528#primaryimage\"},\"thumbnailUrl\":\"https:\/\/www.hospizhilfe-siegen.de\/wp-content\/uploads\/2023\/10\/Tasse-mit-Schrift-gelb.gif\",\"keywords\":[\"ambulante Hospizarbeit\",\"Caritas\",\"Ehrenamt\",\"Hospizhilfe\",\"M\u00e4nner\",\"Trauer\",\"Trauerkomb\u00fcse\"],\"articleSection\":[\"Uncategorized\"],\"inLanguage\":\"de\"},{\"@type\":\"WebPage\",\"@id\":\"https:\/\/www.hospizhilfe-siegen.de\/?p=3528\",\"url\":\"https:\/\/www.hospizhilfe-siegen.de\/?p=3528\",\"name\":\"Trauercaf\u00e8 im \\\"Haus Herbstzeitlos\\\" - hospizhilfe siegen\",\"isPartOf\":{\"@id\":\"https:\/\/www.hospizhilfe-siegen.de\/#website\"},\"primaryImageOfPage\":{\"@id\":\"https:\/\/www.hospizhilfe-siegen.de\/?p=3528#primaryimage\"},\"image\":{\"@id\":\"https:\/\/www.hospizhilfe-siegen.de\/?p=3528#primaryimage\"},\"thumbnailUrl\":\"https:\/\/www.hospizhilfe-siegen.de\/wp-content\/uploads\/2023\/10\/Tasse-mit-Schrift-gelb.gif\",\"datePublished\":\"2023-10-02T11:19:24+00:00\",\"dateModified\":\"2023-10-02T15:14:01+00:00\",\"breadcrumb\":{\"@id\":\"https:\/\/www.hospizhilfe-siegen.de\/?p=3528#breadcrumb\"},\"inLanguage\":\"de\",\"potentialAction\":[{\"@type\":\"ReadAction\",\"target\":[\"https:\/\/www.hospizhilfe-siegen.de\/?p=3528\"]}]},{\"@type\":\"ImageObject\",\"inLanguage\":\"de\",\"@id\":\"https:\/\/www.hospizhilfe-siegen.de\/?p=3528#primaryimage\",\"url\":\"https:\/\/www.hospizhilfe-siegen.de\/wp-content\/uploads\/2023\/10\/Tasse-mit-Schrift-gelb.gif\",\"contentUrl\":\"https:\/\/www.hospizhilfe-siegen.de\/wp-content\/uploads\/2023\/10\/Tasse-mit-Schrift-gelb.gif\",\"width\":793,\"height\":1122},{\"@type\":\"BreadcrumbList\",\"@id\":\"https:\/\/www.hospizhilfe-siegen.de\/?p=3528#breadcrumb\",\"itemListElement\":[{\"@type\":\"ListItem\",\"position\":1,\"name\":\"Startseite\",\"item\":\"https:\/\/www.hospizhilfe-siegen.de\/\"},{\"@type\":\"ListItem\",\"position\":2,\"name\":\"Trauercaf\u00e8 im &#8222;Haus Herbstzeitlos&#8220;\"}]},{\"@type\":\"WebSite\",\"@id\":\"https:\/\/www.hospizhilfe-siegen.de\/#website\",\"url\":\"https:\/\/www.hospizhilfe-siegen.de\/\",\"name\":\"hospizhilfe siegen\",\"description\":\"\",\"publisher\":{\"@id\":\"https:\/\/www.hospizhilfe-siegen.de\/#organization\"},\"potentialAction\":[{\"@type\":\"SearchAction\",\"target\":{\"@type\":\"EntryPoint\",\"urlTemplate\":\"https:\/\/www.hospizhilfe-siegen.de\/?s={search_term_string}\"},\"query-input\":{\"@type\":\"PropertyValueSpecification\",\"valueRequired\":true,\"valueName\":\"search_term_string\"}}],\"inLanguage\":\"de\"},{\"@type\":\"Organization\",\"@id\":\"https:\/\/www.hospizhilfe-siegen.de\/#organization\",\"name\":\"Ambulante \u00f6kumenische Hospizhilfe Siegen e.V.\",\"url\":\"https:\/\/www.hospizhilfe-siegen.de\/\",\"logo\":{\"@type\":\"ImageObject\",\"inLanguage\":\"de\",\"@id\":\"https:\/\/www.hospizhilfe-siegen.de\/#\/schema\/logo\/image\/\",\"url\":\"https:\/\/www.hospizhilfe-siegen.de\/wp-content\/uploads\/2017\/03\/logo_400.jpg\",\"contentUrl\":\"https:\/\/www.hospizhilfe-siegen.de\/wp-content\/uploads\/2017\/03\/logo_400.jpg\",\"width\":407,\"height\":159,\"caption\":\"Ambulante \u00f6kumenische Hospizhilfe Siegen e.V.\"},\"image\":{\"@id\":\"https:\/\/www.hospizhilfe-siegen.de\/#\/schema\/logo\/image\/\"},\"sameAs\":[\"https:\/\/www.facebook.com\/HospizhilfeSiegen\"]},{\"@type\":\"Person\",\"@id\":\"https:\/\/www.hospizhilfe-siegen.de\/#\/schema\/person\/bb99d5fa32b377dfa70162bce7848619\",\"name\":\"J\u00fcrgen Schade\",\"sameAs\":[\"https:\/\/www.hospizhilfe-siegen.de\"],\"url\":\"https:\/\/www.hospizhilfe-siegen.de\/?author=10\"}]}<\/script>\n<!-- \/ Yoast SEO plugin. -->","yoast_head_json":{"title":"Trauercaf\u00e8 im \"Haus Herbstzeitlos\" - hospizhilfe siegen","robots":{"index":"index","follow":"follow","max-snippet":"max-snippet:-1","max-image-preview":"max-image-preview:large","max-video-preview":"max-video-preview:-1"},"canonical":"https:\/\/www.hospizhilfe-siegen.de\/?p=3528","og_locale":"de_DE","og_type":"article","og_title":"Trauercaf\u00e8 im \"Haus Herbstzeitlos\" - hospizhilfe siegen","og_description":"Ein Angebot f\u00fcr trauernde Menschen","og_url":"https:\/\/www.hospizhilfe-siegen.de\/?p=3528","og_site_name":"hospizhilfe siegen","article_publisher":"https:\/\/www.facebook.com\/HospizhilfeSiegen","article_published_time":"2023-10-02T11:19:24+00:00","article_modified_time":"2023-10-02T15:14:01+00:00","og_image":[{"width":793,"height":1122,"url":"https:\/\/www.hospizhilfe-siegen.de\/wp-content\/uploads\/2023\/10\/Tasse-mit-Schrift-gelb.gif","type":"image\/gif"}],"author":"J\u00fcrgen Schade","twitter_card":"summary_large_image","twitter_misc":{"Verfasst von":"J\u00fcrgen Schade","Gesch\u00e4tzte Lesezeit":"1\u00a0Minute"},"schema":{"@context":"https:\/\/schema.org","@graph":[{"@type":"Article","@id":"https:\/\/www.hospizhilfe-siegen.de\/?p=3528#article","isPartOf":{"@id":"https:\/\/www.hospizhilfe-siegen.de\/?p=3528"},"author":{"name":"J\u00fcrgen Schade","@id":"https:\/\/www.hospizhilfe-siegen.de\/#\/schema\/person\/bb99d5fa32b377dfa70162bce7848619"},"headline":"Trauercaf\u00e8 im &#8222;Haus Herbstzeitlos&#8220;","datePublished":"2023-10-02T11:19:24+00:00","dateModified":"2023-10-02T15:14:01+00:00","mainEntityOfPage":{"@id":"https:\/\/www.hospizhilfe-siegen.de\/?p=3528"},"wordCount":67,"publisher":{"@id":"https:\/\/www.hospizhilfe-siegen.de\/#organization"},"image":{"@id":"https:\/\/www.hospizhilfe-siegen.de\/?p=3528#primaryimage"},"thumbnailUrl":"https:\/\/www.hospizhilfe-siegen.de\/wp-content\/uploads\/2023\/10\/Tasse-mit-Schrift-gelb.gif","keywords":["ambulante Hospizarbeit","Caritas","Ehrenamt","Hospizhilfe","M\u00e4nner","Trauer","Trauerkomb\u00fcse"],"articleSection":["Uncategorized"],"inLanguage":"de"},{"@type":"WebPage","@id":"https:\/\/www.hospizhilfe-siegen.de\/?p=3528","url":"https:\/\/www.hospizhilfe-siegen.de\/?p=3528","name":"Trauercaf\u00e8 im \"Haus Herbstzeitlos\" - hospizhilfe siegen","isPartOf":{"@id":"https:\/\/www.hospizhilfe-siegen.de\/#website"},"primaryImageOfPage":{"@id":"https:\/\/www.hospizhilfe-siegen.de\/?p=3528#primaryimage"},"image":{"@id":"https:\/\/www.hospizhilfe-siegen.de\/?p=3528#primaryimage"},"thumbnailUrl":"https:\/\/www.hospizhilfe-siegen.de\/wp-content\/uploads\/2023\/10\/Tasse-mit-Schrift-gelb.gif","datePublished":"2023-10-02T11:19:24+00:00","dateModified":"2023-10-02T15:14:01+00:00","breadcrumb":{"@id":"https:\/\/www.hospizhilfe-siegen.de\/?p=3528#breadcrumb"},"inLanguage":"de","potentialAction":[{"@type":"ReadAction","target":["https:\/\/www.hospizhilfe-siegen.de\/?p=3528"]}]},{"@type":"ImageObject","inLanguage":"de","@id":"https:\/\/www.hospizhilfe-siegen.de\/?p=3528#primaryimage","url":"https:\/\/www.hospizhilfe-siegen.de\/wp-content\/uploads\/2023\/10\/Tasse-mit-Schrift-gelb.gif","contentUrl":"https:\/\/www.hospizhilfe-siegen.de\/wp-content\/uploads\/2023\/10\/Tasse-mit-Schrift-gelb.gif","width":793,"height":1122},{"@type":"BreadcrumbList","@id":"https:\/\/www.hospizhilfe-siegen.de\/?p=3528#breadcrumb","itemListElement":[{"@type":"ListItem","position":1,"name":"Startseite","item":"https:\/\/www.hospizhilfe-siegen.de\/"},{"@type":"ListItem","position":2,"name":"Trauercaf\u00e8 im &#8222;Haus Herbstzeitlos&#8220;"}]},{"@type":"WebSite","@id":"https:\/\/www.hospizhilfe-siegen.de\/#website","url":"https:\/\/www.hospizhilfe-siegen.de\/","name":"hospizhilfe siegen","description":"","publisher":{"@id":"https:\/\/www.hospizhilfe-siegen.de\/#organization"},"potentialAction":[{"@type":"SearchAction","target":{"@type":"EntryPoint","urlTemplate":"https:\/\/www.hospizhilfe-siegen.de\/?s={search_term_string}"},"query-input":{"@type":"PropertyValueSpecification","valueRequired":true,"valueName":"search_term_string"}}],"inLanguage":"de"},{"@type":"Organization","@id":"https:\/\/www.hospizhilfe-siegen.de\/#organization","name":"Ambulante \u00f6kumenische Hospizhilfe Siegen e.V.","url":"https:\/\/www.hospizhilfe-siegen.de\/","logo":{"@type":"ImageObject","inLanguage":"de","@id":"https:\/\/www.hospizhilfe-siegen.de\/#\/schema\/logo\/image\/","url":"https:\/\/www.hospizhilfe-siegen.de\/wp-content\/uploads\/2017\/03\/logo_400.jpg","contentUrl":"https:\/\/www.hospizhilfe-siegen.de\/wp-content\/uploads\/2017\/03\/logo_400.jpg","width":407,"height":159,"caption":"Ambulante \u00f6kumenische Hospizhilfe Siegen e.V."},"image":{"@id":"https:\/\/www.hospizhilfe-siegen.de\/#\/schema\/logo\/image\/"},"sameAs":["https:\/\/www.facebook.com\/HospizhilfeSiegen"]},{"@type":"Person","@id":"https:\/\/www.hospizhilfe-siegen.de\/#\/schema\/person\/bb99d5fa32b377dfa70162bce7848619","name":"J\u00fcrgen Schade","sameAs":["https:\/\/www.hospizhilfe-siegen.de"],"url":"https:\/\/www.hospizhilfe-siegen.de\/?author=10"}]}},"_links":{"self":[{"href":"https:\/\/www.hospizhilfe-siegen.de\/index.php?rest_route=\/wp\/v2\/posts\/3528","targetHints":{"allow":["GET"]}}],"collection":[{"href":"https:\/\/www.hospizhilfe-siegen.de\/index.php?rest_route=\/wp\/v2\/posts"}],"about":[{"href":"https:\/\/www.hospizhilfe-siegen.de\/index.php?rest_route=\/wp\/v2\/types\/post"}],"author":[{"embeddable":true,"href":"https:\/\/www.hospizhilfe-siegen.de\/index.php?rest_route=\/wp\/v2\/users\/10"}],"replies":[{"embeddable":true,"href":"https:\/\/www.hospizhilfe-siegen.de\/index.php?rest_route=%2Fwp%2Fv2%2Fcomments&post=3528"}],"version-history":[{"count":12,"href":"https:\/\/www.hospizhilfe-siegen.de\/index.php?rest_route=\/wp\/v2\/posts\/3528\/revisions"}],"predecessor-version":[{"id":3556,"href":"https:\/\/www.hospizhilfe-siegen.de\/index.php?rest_route=\/wp\/v2\/posts\/3528\/revisions\/3556"}],"wp:featuredmedia":[{"embeddable":true,"href":"https:\/\/www.hospizhilfe-siegen.de\/index.php?rest_route=\/wp\/v2\/media\/3557"}],"wp:attachment":[{"href":"https:\/\/www.hospizhilfe-siegen.de\/index.php?rest_route=%2Fwp%2Fv2%2Fmedia&parent=3528"}],"wp:term":[{"taxonomy":"category","embeddable":true,"href":"https:\/\/www.hospizhilfe-siegen.de\/index.php?rest_route=%2Fwp%2Fv2%2Fcategories&post=3528"},{"taxonomy":"post_tag","embeddable":true,"href":"https:\/\/www.hospizhilfe-siegen.de\/index.php?rest_route=%2Fwp%2Fv2%2Ftags&post=3528"}],"curies":[{"name":"wp","href":"https:\/\/api.w.org\/{rel}","templated":true}]}}