{"id":3574,"date":"2023-10-30T12:24:48","date_gmt":"2023-10-30T12:24:48","guid":{"rendered":"https:\/\/www.hospizhilfe-siegen.de\/?p=3574"},"modified":"2023-10-30T12:27:16","modified_gmt":"2023-10-30T12:27:16","slug":"lebens-wege-3","status":"publish","type":"post","link":"https:\/\/www.hospizhilfe-siegen.de\/?p=3574","title":{"rendered":"<strong>Lebens-Wege<\/strong>"},"content":{"rendered":"\n<h2 class=\"wp-block-heading\"><strong>\u2026 und es geht weiter \u2013 gef\u00fchrte Wanderung f\u00fcr Trauernde<\/strong><\/h2>\n\n\n\n<figure class=\"wp-block-image size-large\"><img loading=\"lazy\" decoding=\"async\" width=\"1024\" height=\"726\" src=\"https:\/\/www.hospizhilfe-siegen.de\/wp-content\/uploads\/2023\/10\/Fliegenpilz-1024x726.jpg\" alt=\"Trauerwanderung Herbst\" class=\"wp-image-3572\" srcset=\"https:\/\/www.hospizhilfe-siegen.de\/wp-content\/uploads\/2023\/10\/Fliegenpilz-1024x726.jpg 1024w, https:\/\/www.hospizhilfe-siegen.de\/wp-content\/uploads\/2023\/10\/Fliegenpilz-300x213.jpg 300w, https:\/\/www.hospizhilfe-siegen.de\/wp-content\/uploads\/2023\/10\/Fliegenpilz-768x545.jpg 768w, https:\/\/www.hospizhilfe-siegen.de\/wp-content\/uploads\/2023\/10\/Fliegenpilz-1536x1090.jpg 1536w, https:\/\/www.hospizhilfe-siegen.de\/wp-content\/uploads\/2023\/10\/Fliegenpilz-2048x1453.jpg 2048w\" sizes=\"auto, (max-width: 1024px) 100vw, 1024px\" \/><\/figure>\n\n\n\n<!--more-->\n\n\n\n<p>Wir laden ganz herzlich zu einer herbstlichen Trauerwanderung, am Samstag,<br>den 11. November 2023, um <strong>11:00 Uhr<\/strong>, ein.<\/p>\n\n\n\n<p>Treffpunkt ist am Alten W\u00e4rterh\u00e4uschen, Talsperrenstra\u00dfe 46, 57271 Hilchenbach.<\/p>\n\n\n\n<p>Die Wanderung dauert ca. 2,5 Stunden, bei einer Strecke von 5 km, rund um die Breitenbachtalsperre. Der Weg ist gut begehbar und auch f\u00fcr Rollstuhlfahrer\/innen gut befahrbar.<\/p>\n\n\n\n<p>Ehrenamtlich Mitarbeitende unterst\u00fctzen die Gruppe als Gespr\u00e4chspartner\/innen. Im Anschluss an die Wanderung besteht die M\u00f6glichkeit zur Einkehr. Die Kosten f\u00fcr den Verzehr sind selbst zu tragen.<br>Die Wanderung findet auch bei Regenwetter statt. Bitte auf geeignete Kleidung und festes Schuhwerk achten. Die Teilnahme erfolgt auf eigene Gefahr.<\/p>\n\n\n\n<p>Eine Anmeldung ist nicht erforderlich<strong>. <\/strong>Veranstaltungskosten entstehen keine.<\/p>\n\n\n\n<p><strong>Spendenkonto<br><\/strong>Sparkasse Siegen IBAN: DE 42 4605 0001 0000 0790 79<br>BIC: WELADED1SIE<\/p>\n\n\n\n<p><strong>Kontakt:<\/strong><\/p>\n\n\n\n<p>Koordinationsstelle f\u00fcr Ambulante Hospizarbeit beim Caritasverband<br>Siegen-Wittgenstein e.V.<\/p>\n\n\n\n<p>Maria Ermes-Soleymani Tel. 0271 23602-67 oder 0160-99494056<\/p>\n\n\n\n<p><strong>E-Mail: <\/strong><a href=\"mailto:koordination-hospizarbeit@caritas-siegen.de\">koordination-hospizarbeit@caritas-siegen.de<\/a><\/p>\n","protected":false},"excerpt":{"rendered":"<p>\u2026 und es geht weiter \u2013 gef\u00fchrte Wanderung f\u00fcr Trauernde<\/p>\n","protected":false},"author":8,"featured_media":3573,"comment_status":"closed","ping_status":"closed","sticky":false,"template":"","format":"standard","meta":{"footnotes":""},"categories":[1],"tags":[47,37,11,8,54,29],"class_list":["post-3574","post","type-post","status-publish","format-standard","has-post-thumbnail","hentry","category-uncategorized","tag-caritas","tag-ehrenamt","tag-hospizhilfe","tag-siegen","tag-trauer","tag-trauerwanderung"],"yoast_head":"<!-- This site is optimized with the Yoast SEO plugin v26.3 - https:\/\/yoast.com\/wordpress\/plugins\/seo\/ -->\n<title>Lebens-Wege - hospizhilfe siegen<\/title>\n<meta name=\"robots\" content=\"index, follow, max-snippet:-1, max-image-preview:large, max-video-preview:-1\" \/>\n<link rel=\"canonical\" href=\"https:\/\/www.hospizhilfe-siegen.de\/?p=3574\" \/>\n<meta property=\"og:locale\" content=\"de_DE\" \/>\n<meta property=\"og:type\" content=\"article\" \/>\n<meta property=\"og:title\" content=\"Lebens-Wege - hospizhilfe siegen\" \/>\n<meta property=\"og:description\" content=\"\u2026 und es geht weiter \u2013 gef\u00fchrte Wanderung f\u00fcr Trauernde\" \/>\n<meta property=\"og:url\" content=\"https:\/\/www.hospizhilfe-siegen.de\/?p=3574\" \/>\n<meta property=\"og:site_name\" content=\"hospizhilfe siegen\" \/>\n<meta property=\"article:publisher\" content=\"https:\/\/www.facebook.com\/HospizhilfeSiegen\" \/>\n<meta property=\"article:published_time\" content=\"2023-10-30T12:24:48+00:00\" \/>\n<meta property=\"article:modified_time\" content=\"2023-10-30T12:27:16+00:00\" \/>\n<meta property=\"og:image\" content=\"https:\/\/www.hospizhilfe-siegen.de\/wp-content\/uploads\/2023\/10\/Fliegenpilz-quadrat-scaled.jpg\" \/>\n\t<meta property=\"og:image:width\" content=\"2560\" \/>\n\t<meta property=\"og:image:height\" content=\"2258\" \/>\n\t<meta property=\"og:image:type\" content=\"image\/jpeg\" \/>\n<meta name=\"author\" content=\"Christiane Howe\" \/>\n<meta name=\"twitter:card\" content=\"summary_large_image\" \/>\n<meta name=\"twitter:label1\" content=\"Verfasst von\" \/>\n\t<meta name=\"twitter:data1\" content=\"Christiane Howe\" \/>\n\t<meta name=\"twitter:label2\" content=\"Gesch\u00e4tzte Lesezeit\" \/>\n\t<meta name=\"twitter:data2\" content=\"2\u00a0Minuten\" \/>\n<script type=\"application\/ld+json\" class=\"yoast-schema-graph\">{\"@context\":\"https:\/\/schema.org\",\"@graph\":[{\"@type\":\"Article\",\"@id\":\"https:\/\/www.hospizhilfe-siegen.de\/?p=3574#article\",\"isPartOf\":{\"@id\":\"https:\/\/www.hospizhilfe-siegen.de\/?p=3574\"},\"author\":{\"name\":\"Christiane Howe\",\"@id\":\"https:\/\/www.hospizhilfe-siegen.de\/#\/schema\/person\/1d53ac5920f5c84fe0be32cf3691d9c2\"},\"headline\":\"Lebens-Wege\",\"datePublished\":\"2023-10-30T12:24:48+00:00\",\"dateModified\":\"2023-10-30T12:27:16+00:00\",\"mainEntityOfPage\":{\"@id\":\"https:\/\/www.hospizhilfe-siegen.de\/?p=3574\"},\"wordCount\":151,\"publisher\":{\"@id\":\"https:\/\/www.hospizhilfe-siegen.de\/#organization\"},\"image\":{\"@id\":\"https:\/\/www.hospizhilfe-siegen.de\/?p=3574#primaryimage\"},\"thumbnailUrl\":\"https:\/\/www.hospizhilfe-siegen.de\/wp-content\/uploads\/2023\/10\/Fliegenpilz-quadrat-scaled.jpg\",\"keywords\":[\"Caritas\",\"Ehrenamt\",\"Hospizhilfe\",\"Siegen\",\"Trauer\",\"Trauerwanderung\"],\"articleSection\":[\"Uncategorized\"],\"inLanguage\":\"de\"},{\"@type\":\"WebPage\",\"@id\":\"https:\/\/www.hospizhilfe-siegen.de\/?p=3574\",\"url\":\"https:\/\/www.hospizhilfe-siegen.de\/?p=3574\",\"name\":\"Lebens-Wege - hospizhilfe siegen\",\"isPartOf\":{\"@id\":\"https:\/\/www.hospizhilfe-siegen.de\/#website\"},\"primaryImageOfPage\":{\"@id\":\"https:\/\/www.hospizhilfe-siegen.de\/?p=3574#primaryimage\"},\"image\":{\"@id\":\"https:\/\/www.hospizhilfe-siegen.de\/?p=3574#primaryimage\"},\"thumbnailUrl\":\"https:\/\/www.hospizhilfe-siegen.de\/wp-content\/uploads\/2023\/10\/Fliegenpilz-quadrat-scaled.jpg\",\"datePublished\":\"2023-10-30T12:24:48+00:00\",\"dateModified\":\"2023-10-30T12:27:16+00:00\",\"breadcrumb\":{\"@id\":\"https:\/\/www.hospizhilfe-siegen.de\/?p=3574#breadcrumb\"},\"inLanguage\":\"de\",\"potentialAction\":[{\"@type\":\"ReadAction\",\"target\":[\"https:\/\/www.hospizhilfe-siegen.de\/?p=3574\"]}]},{\"@type\":\"ImageObject\",\"inLanguage\":\"de\",\"@id\":\"https:\/\/www.hospizhilfe-siegen.de\/?p=3574#primaryimage\",\"url\":\"https:\/\/www.hospizhilfe-siegen.de\/wp-content\/uploads\/2023\/10\/Fliegenpilz-quadrat-scaled.jpg\",\"contentUrl\":\"https:\/\/www.hospizhilfe-siegen.de\/wp-content\/uploads\/2023\/10\/Fliegenpilz-quadrat-scaled.jpg\",\"width\":2560,\"height\":2258,\"caption\":\"Trauerwanderung Herbst\"},{\"@type\":\"BreadcrumbList\",\"@id\":\"https:\/\/www.hospizhilfe-siegen.de\/?p=3574#breadcrumb\",\"itemListElement\":[{\"@type\":\"ListItem\",\"position\":1,\"name\":\"Startseite\",\"item\":\"https:\/\/www.hospizhilfe-siegen.de\/\"},{\"@type\":\"ListItem\",\"position\":2,\"name\":\"Lebens-Wege\"}]},{\"@type\":\"WebSite\",\"@id\":\"https:\/\/www.hospizhilfe-siegen.de\/#website\",\"url\":\"https:\/\/www.hospizhilfe-siegen.de\/\",\"name\":\"hospizhilfe siegen\",\"description\":\"\",\"publisher\":{\"@id\":\"https:\/\/www.hospizhilfe-siegen.de\/#organization\"},\"potentialAction\":[{\"@type\":\"SearchAction\",\"target\":{\"@type\":\"EntryPoint\",\"urlTemplate\":\"https:\/\/www.hospizhilfe-siegen.de\/?s={search_term_string}\"},\"query-input\":{\"@type\":\"PropertyValueSpecification\",\"valueRequired\":true,\"valueName\":\"search_term_string\"}}],\"inLanguage\":\"de\"},{\"@type\":\"Organization\",\"@id\":\"https:\/\/www.hospizhilfe-siegen.de\/#organization\",\"name\":\"Ambulante \u00f6kumenische Hospizhilfe Siegen e.V.\",\"url\":\"https:\/\/www.hospizhilfe-siegen.de\/\",\"logo\":{\"@type\":\"ImageObject\",\"inLanguage\":\"de\",\"@id\":\"https:\/\/www.hospizhilfe-siegen.de\/#\/schema\/logo\/image\/\",\"url\":\"https:\/\/www.hospizhilfe-siegen.de\/wp-content\/uploads\/2017\/03\/logo_400.jpg\",\"contentUrl\":\"https:\/\/www.hospizhilfe-siegen.de\/wp-content\/uploads\/2017\/03\/logo_400.jpg\",\"width\":407,\"height\":159,\"caption\":\"Ambulante \u00f6kumenische Hospizhilfe Siegen e.V.\"},\"image\":{\"@id\":\"https:\/\/www.hospizhilfe-siegen.de\/#\/schema\/logo\/image\/\"},\"sameAs\":[\"https:\/\/www.facebook.com\/HospizhilfeSiegen\"]},{\"@type\":\"Person\",\"@id\":\"https:\/\/www.hospizhilfe-siegen.de\/#\/schema\/person\/1d53ac5920f5c84fe0be32cf3691d9c2\",\"name\":\"Christiane Howe\",\"sameAs\":[\"https:\/\/www.hospizhilfe-siegen.de\"],\"url\":\"https:\/\/www.hospizhilfe-siegen.de\/?author=8\"}]}<\/script>\n<!-- \/ Yoast SEO plugin. -->","yoast_head_json":{"title":"Lebens-Wege - hospizhilfe siegen","robots":{"index":"index","follow":"follow","max-snippet":"max-snippet:-1","max-image-preview":"max-image-preview:large","max-video-preview":"max-video-preview:-1"},"canonical":"https:\/\/www.hospizhilfe-siegen.de\/?p=3574","og_locale":"de_DE","og_type":"article","og_title":"Lebens-Wege - hospizhilfe siegen","og_description":"\u2026 und es geht weiter \u2013 gef\u00fchrte Wanderung f\u00fcr Trauernde","og_url":"https:\/\/www.hospizhilfe-siegen.de\/?p=3574","og_site_name":"hospizhilfe siegen","article_publisher":"https:\/\/www.facebook.com\/HospizhilfeSiegen","article_published_time":"2023-10-30T12:24:48+00:00","article_modified_time":"2023-10-30T12:27:16+00:00","og_image":[{"width":2560,"height":2258,"url":"https:\/\/www.hospizhilfe-siegen.de\/wp-content\/uploads\/2023\/10\/Fliegenpilz-quadrat-scaled.jpg","type":"image\/jpeg"}],"author":"Christiane Howe","twitter_card":"summary_large_image","twitter_misc":{"Verfasst von":"Christiane Howe","Gesch\u00e4tzte Lesezeit":"2\u00a0Minuten"},"schema":{"@context":"https:\/\/schema.org","@graph":[{"@type":"Article","@id":"https:\/\/www.hospizhilfe-siegen.de\/?p=3574#article","isPartOf":{"@id":"https:\/\/www.hospizhilfe-siegen.de\/?p=3574"},"author":{"name":"Christiane Howe","@id":"https:\/\/www.hospizhilfe-siegen.de\/#\/schema\/person\/1d53ac5920f5c84fe0be32cf3691d9c2"},"headline":"Lebens-Wege","datePublished":"2023-10-30T12:24:48+00:00","dateModified":"2023-10-30T12:27:16+00:00","mainEntityOfPage":{"@id":"https:\/\/www.hospizhilfe-siegen.de\/?p=3574"},"wordCount":151,"publisher":{"@id":"https:\/\/www.hospizhilfe-siegen.de\/#organization"},"image":{"@id":"https:\/\/www.hospizhilfe-siegen.de\/?p=3574#primaryimage"},"thumbnailUrl":"https:\/\/www.hospizhilfe-siegen.de\/wp-content\/uploads\/2023\/10\/Fliegenpilz-quadrat-scaled.jpg","keywords":["Caritas","Ehrenamt","Hospizhilfe","Siegen","Trauer","Trauerwanderung"],"articleSection":["Uncategorized"],"inLanguage":"de"},{"@type":"WebPage","@id":"https:\/\/www.hospizhilfe-siegen.de\/?p=3574","url":"https:\/\/www.hospizhilfe-siegen.de\/?p=3574","name":"Lebens-Wege - hospizhilfe siegen","isPartOf":{"@id":"https:\/\/www.hospizhilfe-siegen.de\/#website"},"primaryImageOfPage":{"@id":"https:\/\/www.hospizhilfe-siegen.de\/?p=3574#primaryimage"},"image":{"@id":"https:\/\/www.hospizhilfe-siegen.de\/?p=3574#primaryimage"},"thumbnailUrl":"https:\/\/www.hospizhilfe-siegen.de\/wp-content\/uploads\/2023\/10\/Fliegenpilz-quadrat-scaled.jpg","datePublished":"2023-10-30T12:24:48+00:00","dateModified":"2023-10-30T12:27:16+00:00","breadcrumb":{"@id":"https:\/\/www.hospizhilfe-siegen.de\/?p=3574#breadcrumb"},"inLanguage":"de","potentialAction":[{"@type":"ReadAction","target":["https:\/\/www.hospizhilfe-siegen.de\/?p=3574"]}]},{"@type":"ImageObject","inLanguage":"de","@id":"https:\/\/www.hospizhilfe-siegen.de\/?p=3574#primaryimage","url":"https:\/\/www.hospizhilfe-siegen.de\/wp-content\/uploads\/2023\/10\/Fliegenpilz-quadrat-scaled.jpg","contentUrl":"https:\/\/www.hospizhilfe-siegen.de\/wp-content\/uploads\/2023\/10\/Fliegenpilz-quadrat-scaled.jpg","width":2560,"height":2258,"caption":"Trauerwanderung Herbst"},{"@type":"BreadcrumbList","@id":"https:\/\/www.hospizhilfe-siegen.de\/?p=3574#breadcrumb","itemListElement":[{"@type":"ListItem","position":1,"name":"Startseite","item":"https:\/\/www.hospizhilfe-siegen.de\/"},{"@type":"ListItem","position":2,"name":"Lebens-Wege"}]},{"@type":"WebSite","@id":"https:\/\/www.hospizhilfe-siegen.de\/#website","url":"https:\/\/www.hospizhilfe-siegen.de\/","name":"hospizhilfe siegen","description":"","publisher":{"@id":"https:\/\/www.hospizhilfe-siegen.de\/#organization"},"potentialAction":[{"@type":"SearchAction","target":{"@type":"EntryPoint","urlTemplate":"https:\/\/www.hospizhilfe-siegen.de\/?s={search_term_string}"},"query-input":{"@type":"PropertyValueSpecification","valueRequired":true,"valueName":"search_term_string"}}],"inLanguage":"de"},{"@type":"Organization","@id":"https:\/\/www.hospizhilfe-siegen.de\/#organization","name":"Ambulante \u00f6kumenische Hospizhilfe Siegen e.V.","url":"https:\/\/www.hospizhilfe-siegen.de\/","logo":{"@type":"ImageObject","inLanguage":"de","@id":"https:\/\/www.hospizhilfe-siegen.de\/#\/schema\/logo\/image\/","url":"https:\/\/www.hospizhilfe-siegen.de\/wp-content\/uploads\/2017\/03\/logo_400.jpg","contentUrl":"https:\/\/www.hospizhilfe-siegen.de\/wp-content\/uploads\/2017\/03\/logo_400.jpg","width":407,"height":159,"caption":"Ambulante \u00f6kumenische Hospizhilfe Siegen e.V."},"image":{"@id":"https:\/\/www.hospizhilfe-siegen.de\/#\/schema\/logo\/image\/"},"sameAs":["https:\/\/www.facebook.com\/HospizhilfeSiegen"]},{"@type":"Person","@id":"https:\/\/www.hospizhilfe-siegen.de\/#\/schema\/person\/1d53ac5920f5c84fe0be32cf3691d9c2","name":"Christiane Howe","sameAs":["https:\/\/www.hospizhilfe-siegen.de"],"url":"https:\/\/www.hospizhilfe-siegen.de\/?author=8"}]}},"_links":{"self":[{"href":"https:\/\/www.hospizhilfe-siegen.de\/index.php?rest_route=\/wp\/v2\/posts\/3574","targetHints":{"allow":["GET"]}}],"collection":[{"href":"https:\/\/www.hospizhilfe-siegen.de\/index.php?rest_route=\/wp\/v2\/posts"}],"about":[{"href":"https:\/\/www.hospizhilfe-siegen.de\/index.php?rest_route=\/wp\/v2\/types\/post"}],"author":[{"embeddable":true,"href":"https:\/\/www.hospizhilfe-siegen.de\/index.php?rest_route=\/wp\/v2\/users\/8"}],"replies":[{"embeddable":true,"href":"https:\/\/www.hospizhilfe-siegen.de\/index.php?rest_route=%2Fwp%2Fv2%2Fcomments&post=3574"}],"version-history":[{"count":4,"href":"https:\/\/www.hospizhilfe-siegen.de\/index.php?rest_route=\/wp\/v2\/posts\/3574\/revisions"}],"predecessor-version":[{"id":3580,"href":"https:\/\/www.hospizhilfe-siegen.de\/index.php?rest_route=\/wp\/v2\/posts\/3574\/revisions\/3580"}],"wp:featuredmedia":[{"embeddable":true,"href":"https:\/\/www.hospizhilfe-siegen.de\/index.php?rest_route=\/wp\/v2\/media\/3573"}],"wp:attachment":[{"href":"https:\/\/www.hospizhilfe-siegen.de\/index.php?rest_route=%2Fwp%2Fv2%2Fmedia&parent=3574"}],"wp:term":[{"taxonomy":"category","embeddable":true,"href":"https:\/\/www.hospizhilfe-siegen.de\/index.php?rest_route=%2Fwp%2Fv2%2Fcategories&post=3574"},{"taxonomy":"post_tag","embeddable":true,"href":"https:\/\/www.hospizhilfe-siegen.de\/index.php?rest_route=%2Fwp%2Fv2%2Ftags&post=3574"}],"curies":[{"name":"wp","href":"https:\/\/api.w.org\/{rel}","templated":true}]}}