{"id":3724,"date":"2024-09-11T09:29:07","date_gmt":"2024-09-11T09:29:07","guid":{"rendered":"https:\/\/www.hospizhilfe-siegen.de\/?p=3724"},"modified":"2024-09-11T09:29:36","modified_gmt":"2024-09-11T09:29:36","slug":"schoen-dass-du-da-bist","status":"publish","type":"post","link":"https:\/\/www.hospizhilfe-siegen.de\/?p=3724","title":{"rendered":"Sch\u00f6n, dass du da bist!"},"content":{"rendered":"\n<figure class=\"wp-block-image size-large\"><img loading=\"lazy\" decoding=\"async\" width=\"1024\" height=\"683\" src=\"https:\/\/www.hospizhilfe-siegen.de\/wp-content\/uploads\/2024\/09\/Schoen-dass-du-da-bist-1024x683.jpg\" alt=\"\" class=\"wp-image-3722\" srcset=\"https:\/\/www.hospizhilfe-siegen.de\/wp-content\/uploads\/2024\/09\/Schoen-dass-du-da-bist-1024x683.jpg 1024w, https:\/\/www.hospizhilfe-siegen.de\/wp-content\/uploads\/2024\/09\/Schoen-dass-du-da-bist-300x200.jpg 300w, https:\/\/www.hospizhilfe-siegen.de\/wp-content\/uploads\/2024\/09\/Schoen-dass-du-da-bist-768x512.jpg 768w, https:\/\/www.hospizhilfe-siegen.de\/wp-content\/uploads\/2024\/09\/Schoen-dass-du-da-bist.jpg 1350w\" sizes=\"auto, (max-width: 1024px) 100vw, 1024px\" \/><figcaption class=\"wp-element-caption\">Foto Caritas<\/figcaption><\/figure>\n\n\n\n<p>Menschen auf dem letzten Weg begleiten<\/p>\n\n\n\n<!--more-->\n\n\n\n<p>Ehrenamtliche Mitarbeiter und Mitarbeiterinnen sind eine wichtige S\u00e4ule der ambulanten Hospizarbeit. Sie begleiten sterbende Menschen zu Hause, im Krankenhaus und im Pflegeheim. F\u00fcr Menschen, die sich ehrenamtlich in der ambulanten Hospizarbeit engagieren m\u00f6chten, bieten wir in Kooperation mit dem Caritasverband Siegen Wittgenstein ab Januar 2025 einen neuen Qualifizierungskurs an.<\/p>\n\n\n\n<p>Die Ausbildung umfasst einen Grund- und Aufbaukurs sowie Hospitationen. Im ersten Teil der Ausbildung steht die Auseinandersetzung mit den eigenen Verlusten im Vordergrund. Im Verlauf des Kurses werden vielf\u00e4ltige Kenntnisse \u00fcber die Bed\u00fcrfnisse und das seelische Erleben Schwerstkranker und Sterbender vermittelt. Weitere wichtige Themen sind unter anderem die Kommunikation mit Schwerstkranken und Angeh\u00f6rigen, Begleitung bei Demenz, Informationen zu palliativmedizinischen, pflegerischen und spirituellen Aspekten, Erfahrungsberichte aus Bestattung, Seelsorge, Ehrenamt und der hilfreiche Umgang mit Trauernden.<\/p>\n\n\n\n<p>In unserer Arbeit richten wir uns nach den W\u00fcnschen und Bed\u00fcrfnissen der schwerstkranken und sterbenden Menschen und bieten ihnen und ihren Angeh\u00f6rigen Unterst\u00fctzung und Begleitung in der letzten Lebensphase.<\/p>\n\n\n\n<p>Wenn Sie sich f\u00fcr diese ehrenamtliche T\u00e4tigkeit in der Hospizarbeit interessieren, laden wir Sie gerne zu einem pers\u00f6nlichen Gespr\u00e4ch in unserer Koordinationsstelle in der Numbachstra\u00dfe 30 in Siegen ein.<\/p>\n\n\n\n<p>Ansprechpartnerinnen sind unsere Koordinatorinnen<br>Maria Ermes Soleymani und Christiane Howe<br>Tel: 0160 99494056<br>Mail: <a href=\"mailto:koordination-hospizarbeit@caritas-siegen.de\">koordination-hospizarbeit@caritas-siegen.de<\/a><\/p>\n","protected":false},"excerpt":{"rendered":"<p>Menschen auf dem letzten Weg begleiten<\/p>\n","protected":false},"author":8,"featured_media":3722,"comment_status":"closed","ping_status":"closed","sticky":false,"template":"","format":"standard","meta":{"footnotes":""},"categories":[1],"tags":[39,19,47,37,40,11,209,210],"class_list":["post-3724","post","type-post","status-publish","format-standard","has-post-thumbnail","hentry","category-uncategorized","tag-ausbildung","tag-begleitung","tag-caritas","tag-ehrenamt","tag-hospizbegleiter","tag-hospizhilfe","tag-qualifizierung","tag-schulung"],"yoast_head":"<!-- This site is optimized with the Yoast SEO plugin v26.3 - https:\/\/yoast.com\/wordpress\/plugins\/seo\/ -->\n<title>Sch\u00f6n, dass du da bist! - hospizhilfe siegen<\/title>\n<meta name=\"robots\" content=\"index, follow, max-snippet:-1, max-image-preview:large, max-video-preview:-1\" \/>\n<link rel=\"canonical\" href=\"https:\/\/www.hospizhilfe-siegen.de\/?p=3724\" \/>\n<meta property=\"og:locale\" content=\"de_DE\" \/>\n<meta property=\"og:type\" content=\"article\" \/>\n<meta property=\"og:title\" content=\"Sch\u00f6n, dass du da bist! - hospizhilfe siegen\" \/>\n<meta property=\"og:description\" content=\"Menschen auf dem letzten Weg begleiten\" \/>\n<meta property=\"og:url\" content=\"https:\/\/www.hospizhilfe-siegen.de\/?p=3724\" \/>\n<meta property=\"og:site_name\" content=\"hospizhilfe siegen\" \/>\n<meta property=\"article:publisher\" content=\"https:\/\/www.facebook.com\/HospizhilfeSiegen\" \/>\n<meta property=\"article:published_time\" content=\"2024-09-11T09:29:07+00:00\" \/>\n<meta property=\"article:modified_time\" content=\"2024-09-11T09:29:36+00:00\" \/>\n<meta property=\"og:image\" content=\"https:\/\/www.hospizhilfe-siegen.de\/wp-content\/uploads\/2024\/09\/Schoen-dass-du-da-bist.jpg\" \/>\n\t<meta property=\"og:image:width\" content=\"1350\" \/>\n\t<meta property=\"og:image:height\" content=\"900\" \/>\n\t<meta property=\"og:image:type\" content=\"image\/jpeg\" \/>\n<meta name=\"author\" content=\"Christiane Howe\" \/>\n<meta name=\"twitter:card\" content=\"summary_large_image\" \/>\n<meta name=\"twitter:label1\" content=\"Verfasst von\" \/>\n\t<meta name=\"twitter:data1\" content=\"Christiane Howe\" \/>\n\t<meta name=\"twitter:label2\" content=\"Gesch\u00e4tzte Lesezeit\" \/>\n\t<meta name=\"twitter:data2\" content=\"2\u00a0Minuten\" \/>\n<script type=\"application\/ld+json\" class=\"yoast-schema-graph\">{\"@context\":\"https:\/\/schema.org\",\"@graph\":[{\"@type\":\"Article\",\"@id\":\"https:\/\/www.hospizhilfe-siegen.de\/?p=3724#article\",\"isPartOf\":{\"@id\":\"https:\/\/www.hospizhilfe-siegen.de\/?p=3724\"},\"author\":{\"name\":\"Christiane Howe\",\"@id\":\"https:\/\/www.hospizhilfe-siegen.de\/#\/schema\/person\/1d53ac5920f5c84fe0be32cf3691d9c2\"},\"headline\":\"Sch\u00f6n, dass du da bist!\",\"datePublished\":\"2024-09-11T09:29:07+00:00\",\"dateModified\":\"2024-09-11T09:29:36+00:00\",\"mainEntityOfPage\":{\"@id\":\"https:\/\/www.hospizhilfe-siegen.de\/?p=3724\"},\"wordCount\":221,\"publisher\":{\"@id\":\"https:\/\/www.hospizhilfe-siegen.de\/#organization\"},\"image\":{\"@id\":\"https:\/\/www.hospizhilfe-siegen.de\/?p=3724#primaryimage\"},\"thumbnailUrl\":\"https:\/\/www.hospizhilfe-siegen.de\/wp-content\/uploads\/2024\/09\/Schoen-dass-du-da-bist.jpg\",\"keywords\":[\"Ausbildung\",\"Begleitung\",\"Caritas\",\"Ehrenamt\",\"Hospizbegleiter\",\"Hospizhilfe\",\"qualifizierung\",\"Schulung\"],\"articleSection\":[\"Uncategorized\"],\"inLanguage\":\"de\"},{\"@type\":\"WebPage\",\"@id\":\"https:\/\/www.hospizhilfe-siegen.de\/?p=3724\",\"url\":\"https:\/\/www.hospizhilfe-siegen.de\/?p=3724\",\"name\":\"Sch\u00f6n, dass du da bist! - hospizhilfe siegen\",\"isPartOf\":{\"@id\":\"https:\/\/www.hospizhilfe-siegen.de\/#website\"},\"primaryImageOfPage\":{\"@id\":\"https:\/\/www.hospizhilfe-siegen.de\/?p=3724#primaryimage\"},\"image\":{\"@id\":\"https:\/\/www.hospizhilfe-siegen.de\/?p=3724#primaryimage\"},\"thumbnailUrl\":\"https:\/\/www.hospizhilfe-siegen.de\/wp-content\/uploads\/2024\/09\/Schoen-dass-du-da-bist.jpg\",\"datePublished\":\"2024-09-11T09:29:07+00:00\",\"dateModified\":\"2024-09-11T09:29:36+00:00\",\"breadcrumb\":{\"@id\":\"https:\/\/www.hospizhilfe-siegen.de\/?p=3724#breadcrumb\"},\"inLanguage\":\"de\",\"potentialAction\":[{\"@type\":\"ReadAction\",\"target\":[\"https:\/\/www.hospizhilfe-siegen.de\/?p=3724\"]}]},{\"@type\":\"ImageObject\",\"inLanguage\":\"de\",\"@id\":\"https:\/\/www.hospizhilfe-siegen.de\/?p=3724#primaryimage\",\"url\":\"https:\/\/www.hospizhilfe-siegen.de\/wp-content\/uploads\/2024\/09\/Schoen-dass-du-da-bist.jpg\",\"contentUrl\":\"https:\/\/www.hospizhilfe-siegen.de\/wp-content\/uploads\/2024\/09\/Schoen-dass-du-da-bist.jpg\",\"width\":1350,\"height\":900},{\"@type\":\"BreadcrumbList\",\"@id\":\"https:\/\/www.hospizhilfe-siegen.de\/?p=3724#breadcrumb\",\"itemListElement\":[{\"@type\":\"ListItem\",\"position\":1,\"name\":\"Startseite\",\"item\":\"https:\/\/www.hospizhilfe-siegen.de\/\"},{\"@type\":\"ListItem\",\"position\":2,\"name\":\"Sch\u00f6n, dass du da bist!\"}]},{\"@type\":\"WebSite\",\"@id\":\"https:\/\/www.hospizhilfe-siegen.de\/#website\",\"url\":\"https:\/\/www.hospizhilfe-siegen.de\/\",\"name\":\"hospizhilfe siegen\",\"description\":\"\",\"publisher\":{\"@id\":\"https:\/\/www.hospizhilfe-siegen.de\/#organization\"},\"potentialAction\":[{\"@type\":\"SearchAction\",\"target\":{\"@type\":\"EntryPoint\",\"urlTemplate\":\"https:\/\/www.hospizhilfe-siegen.de\/?s={search_term_string}\"},\"query-input\":{\"@type\":\"PropertyValueSpecification\",\"valueRequired\":true,\"valueName\":\"search_term_string\"}}],\"inLanguage\":\"de\"},{\"@type\":\"Organization\",\"@id\":\"https:\/\/www.hospizhilfe-siegen.de\/#organization\",\"name\":\"Ambulante \u00f6kumenische Hospizhilfe Siegen e.V.\",\"url\":\"https:\/\/www.hospizhilfe-siegen.de\/\",\"logo\":{\"@type\":\"ImageObject\",\"inLanguage\":\"de\",\"@id\":\"https:\/\/www.hospizhilfe-siegen.de\/#\/schema\/logo\/image\/\",\"url\":\"https:\/\/www.hospizhilfe-siegen.de\/wp-content\/uploads\/2017\/03\/logo_400.jpg\",\"contentUrl\":\"https:\/\/www.hospizhilfe-siegen.de\/wp-content\/uploads\/2017\/03\/logo_400.jpg\",\"width\":407,\"height\":159,\"caption\":\"Ambulante \u00f6kumenische Hospizhilfe Siegen e.V.\"},\"image\":{\"@id\":\"https:\/\/www.hospizhilfe-siegen.de\/#\/schema\/logo\/image\/\"},\"sameAs\":[\"https:\/\/www.facebook.com\/HospizhilfeSiegen\"]},{\"@type\":\"Person\",\"@id\":\"https:\/\/www.hospizhilfe-siegen.de\/#\/schema\/person\/1d53ac5920f5c84fe0be32cf3691d9c2\",\"name\":\"Christiane Howe\",\"sameAs\":[\"https:\/\/www.hospizhilfe-siegen.de\"],\"url\":\"https:\/\/www.hospizhilfe-siegen.de\/?author=8\"}]}<\/script>\n<!-- \/ Yoast SEO plugin. -->","yoast_head_json":{"title":"Sch\u00f6n, dass du da bist! - hospizhilfe siegen","robots":{"index":"index","follow":"follow","max-snippet":"max-snippet:-1","max-image-preview":"max-image-preview:large","max-video-preview":"max-video-preview:-1"},"canonical":"https:\/\/www.hospizhilfe-siegen.de\/?p=3724","og_locale":"de_DE","og_type":"article","og_title":"Sch\u00f6n, dass du da bist! - hospizhilfe siegen","og_description":"Menschen auf dem letzten Weg begleiten","og_url":"https:\/\/www.hospizhilfe-siegen.de\/?p=3724","og_site_name":"hospizhilfe siegen","article_publisher":"https:\/\/www.facebook.com\/HospizhilfeSiegen","article_published_time":"2024-09-11T09:29:07+00:00","article_modified_time":"2024-09-11T09:29:36+00:00","og_image":[{"width":1350,"height":900,"url":"https:\/\/www.hospizhilfe-siegen.de\/wp-content\/uploads\/2024\/09\/Schoen-dass-du-da-bist.jpg","type":"image\/jpeg"}],"author":"Christiane Howe","twitter_card":"summary_large_image","twitter_misc":{"Verfasst von":"Christiane Howe","Gesch\u00e4tzte Lesezeit":"2\u00a0Minuten"},"schema":{"@context":"https:\/\/schema.org","@graph":[{"@type":"Article","@id":"https:\/\/www.hospizhilfe-siegen.de\/?p=3724#article","isPartOf":{"@id":"https:\/\/www.hospizhilfe-siegen.de\/?p=3724"},"author":{"name":"Christiane Howe","@id":"https:\/\/www.hospizhilfe-siegen.de\/#\/schema\/person\/1d53ac5920f5c84fe0be32cf3691d9c2"},"headline":"Sch\u00f6n, dass du da bist!","datePublished":"2024-09-11T09:29:07+00:00","dateModified":"2024-09-11T09:29:36+00:00","mainEntityOfPage":{"@id":"https:\/\/www.hospizhilfe-siegen.de\/?p=3724"},"wordCount":221,"publisher":{"@id":"https:\/\/www.hospizhilfe-siegen.de\/#organization"},"image":{"@id":"https:\/\/www.hospizhilfe-siegen.de\/?p=3724#primaryimage"},"thumbnailUrl":"https:\/\/www.hospizhilfe-siegen.de\/wp-content\/uploads\/2024\/09\/Schoen-dass-du-da-bist.jpg","keywords":["Ausbildung","Begleitung","Caritas","Ehrenamt","Hospizbegleiter","Hospizhilfe","qualifizierung","Schulung"],"articleSection":["Uncategorized"],"inLanguage":"de"},{"@type":"WebPage","@id":"https:\/\/www.hospizhilfe-siegen.de\/?p=3724","url":"https:\/\/www.hospizhilfe-siegen.de\/?p=3724","name":"Sch\u00f6n, dass du da bist! - hospizhilfe siegen","isPartOf":{"@id":"https:\/\/www.hospizhilfe-siegen.de\/#website"},"primaryImageOfPage":{"@id":"https:\/\/www.hospizhilfe-siegen.de\/?p=3724#primaryimage"},"image":{"@id":"https:\/\/www.hospizhilfe-siegen.de\/?p=3724#primaryimage"},"thumbnailUrl":"https:\/\/www.hospizhilfe-siegen.de\/wp-content\/uploads\/2024\/09\/Schoen-dass-du-da-bist.jpg","datePublished":"2024-09-11T09:29:07+00:00","dateModified":"2024-09-11T09:29:36+00:00","breadcrumb":{"@id":"https:\/\/www.hospizhilfe-siegen.de\/?p=3724#breadcrumb"},"inLanguage":"de","potentialAction":[{"@type":"ReadAction","target":["https:\/\/www.hospizhilfe-siegen.de\/?p=3724"]}]},{"@type":"ImageObject","inLanguage":"de","@id":"https:\/\/www.hospizhilfe-siegen.de\/?p=3724#primaryimage","url":"https:\/\/www.hospizhilfe-siegen.de\/wp-content\/uploads\/2024\/09\/Schoen-dass-du-da-bist.jpg","contentUrl":"https:\/\/www.hospizhilfe-siegen.de\/wp-content\/uploads\/2024\/09\/Schoen-dass-du-da-bist.jpg","width":1350,"height":900},{"@type":"BreadcrumbList","@id":"https:\/\/www.hospizhilfe-siegen.de\/?p=3724#breadcrumb","itemListElement":[{"@type":"ListItem","position":1,"name":"Startseite","item":"https:\/\/www.hospizhilfe-siegen.de\/"},{"@type":"ListItem","position":2,"name":"Sch\u00f6n, dass du da bist!"}]},{"@type":"WebSite","@id":"https:\/\/www.hospizhilfe-siegen.de\/#website","url":"https:\/\/www.hospizhilfe-siegen.de\/","name":"hospizhilfe siegen","description":"","publisher":{"@id":"https:\/\/www.hospizhilfe-siegen.de\/#organization"},"potentialAction":[{"@type":"SearchAction","target":{"@type":"EntryPoint","urlTemplate":"https:\/\/www.hospizhilfe-siegen.de\/?s={search_term_string}"},"query-input":{"@type":"PropertyValueSpecification","valueRequired":true,"valueName":"search_term_string"}}],"inLanguage":"de"},{"@type":"Organization","@id":"https:\/\/www.hospizhilfe-siegen.de\/#organization","name":"Ambulante \u00f6kumenische Hospizhilfe Siegen e.V.","url":"https:\/\/www.hospizhilfe-siegen.de\/","logo":{"@type":"ImageObject","inLanguage":"de","@id":"https:\/\/www.hospizhilfe-siegen.de\/#\/schema\/logo\/image\/","url":"https:\/\/www.hospizhilfe-siegen.de\/wp-content\/uploads\/2017\/03\/logo_400.jpg","contentUrl":"https:\/\/www.hospizhilfe-siegen.de\/wp-content\/uploads\/2017\/03\/logo_400.jpg","width":407,"height":159,"caption":"Ambulante \u00f6kumenische Hospizhilfe Siegen e.V."},"image":{"@id":"https:\/\/www.hospizhilfe-siegen.de\/#\/schema\/logo\/image\/"},"sameAs":["https:\/\/www.facebook.com\/HospizhilfeSiegen"]},{"@type":"Person","@id":"https:\/\/www.hospizhilfe-siegen.de\/#\/schema\/person\/1d53ac5920f5c84fe0be32cf3691d9c2","name":"Christiane Howe","sameAs":["https:\/\/www.hospizhilfe-siegen.de"],"url":"https:\/\/www.hospizhilfe-siegen.de\/?author=8"}]}},"_links":{"self":[{"href":"https:\/\/www.hospizhilfe-siegen.de\/index.php?rest_route=\/wp\/v2\/posts\/3724","targetHints":{"allow":["GET"]}}],"collection":[{"href":"https:\/\/www.hospizhilfe-siegen.de\/index.php?rest_route=\/wp\/v2\/posts"}],"about":[{"href":"https:\/\/www.hospizhilfe-siegen.de\/index.php?rest_route=\/wp\/v2\/types\/post"}],"author":[{"embeddable":true,"href":"https:\/\/www.hospizhilfe-siegen.de\/index.php?rest_route=\/wp\/v2\/users\/8"}],"replies":[{"embeddable":true,"href":"https:\/\/www.hospizhilfe-siegen.de\/index.php?rest_route=%2Fwp%2Fv2%2Fcomments&post=3724"}],"version-history":[{"count":2,"href":"https:\/\/www.hospizhilfe-siegen.de\/index.php?rest_route=\/wp\/v2\/posts\/3724\/revisions"}],"predecessor-version":[{"id":3726,"href":"https:\/\/www.hospizhilfe-siegen.de\/index.php?rest_route=\/wp\/v2\/posts\/3724\/revisions\/3726"}],"wp:featuredmedia":[{"embeddable":true,"href":"https:\/\/www.hospizhilfe-siegen.de\/index.php?rest_route=\/wp\/v2\/media\/3722"}],"wp:attachment":[{"href":"https:\/\/www.hospizhilfe-siegen.de\/index.php?rest_route=%2Fwp%2Fv2%2Fmedia&parent=3724"}],"wp:term":[{"taxonomy":"category","embeddable":true,"href":"https:\/\/www.hospizhilfe-siegen.de\/index.php?rest_route=%2Fwp%2Fv2%2Fcategories&post=3724"},{"taxonomy":"post_tag","embeddable":true,"href":"https:\/\/www.hospizhilfe-siegen.de\/index.php?rest_route=%2Fwp%2Fv2%2Ftags&post=3724"}],"curies":[{"name":"wp","href":"https:\/\/api.w.org\/{rel}","templated":true}]}}