{"id":4175,"date":"2026-03-16T15:30:03","date_gmt":"2026-03-16T15:30:03","guid":{"rendered":"https:\/\/www.hospizhilfe-siegen.de\/?p=4175"},"modified":"2026-03-16T15:35:01","modified_gmt":"2026-03-16T15:35:01","slug":"fortbildungswochenende-2026","status":"publish","type":"post","link":"https:\/\/www.hospizhilfe-siegen.de\/?p=4175","title":{"rendered":"Fortbildungswochenende 2026"},"content":{"rendered":"\n<figure class=\"wp-block-image size-large\"><img loading=\"lazy\" decoding=\"async\" width=\"974\" height=\"1024\" src=\"https:\/\/www.hospizhilfe-siegen.de\/wp-content\/uploads\/2026\/03\/Duftlampe_1-974x1024.jpg\" alt=\"\" class=\"wp-image-4176\" srcset=\"https:\/\/www.hospizhilfe-siegen.de\/wp-content\/uploads\/2026\/03\/Duftlampe_1-974x1024.jpg 974w, https:\/\/www.hospizhilfe-siegen.de\/wp-content\/uploads\/2026\/03\/Duftlampe_1-285x300.jpg 285w, https:\/\/www.hospizhilfe-siegen.de\/wp-content\/uploads\/2026\/03\/Duftlampe_1-768x807.jpg 768w, https:\/\/www.hospizhilfe-siegen.de\/wp-content\/uploads\/2026\/03\/Duftlampe_1.jpg 1218w\" sizes=\"auto, (max-width: 974px) 100vw, 974px\" \/><figcaption class=\"wp-element-caption\"><strong>Unter dem Moto &#8222;Aromapflege und Akupressur&#8220; in der Sterbebegleitung<\/strong><\/figcaption><\/figure>\n\n\n\n<p><strong>Fortbildungswochenende f\u00fcr ehrenamtliche Begleiter und Begleiterinnen der Ambulanten \u00f6kumenischen Hospizhilfe Siegen.<\/strong><br><br>Am 27. und 28. Februar fand in der <a href=\"https:\/\/akademie-biggesee.de\" target=\"_blank\" rel=\"noreferrer noopener\">Akademie Biggesee<\/a>, in Attendorn, Neu-Listernohl, das allj\u00e4hrliche Fortbildungswochenende f\u00fcr die ehrenamtlichen Mitarbeiter und Mitarbeiterinnen des Hospizvereins statt.<br><br>Die zwei Tage standen ganz im Zeichen von&nbsp;<strong>\u201eGutes f\u00fcr K\u00f6rper, Seele und Geist\u201c<\/strong>&nbsp;und hatten das Thema&nbsp;<strong>Aromapflege und Akupressur in der Sterbebegleitung<\/strong>.<\/p>\n\n\n\n<figure class=\"wp-block-image size-large\"><img loading=\"lazy\" decoding=\"async\" width=\"768\" height=\"1024\" src=\"https:\/\/www.hospizhilfe-siegen.de\/wp-content\/uploads\/2026\/03\/Collage-vom-Fortbildungswochenende-768x1024.jpg\" alt=\"\" class=\"wp-image-4177\" srcset=\"https:\/\/www.hospizhilfe-siegen.de\/wp-content\/uploads\/2026\/03\/Collage-vom-Fortbildungswochenende-768x1024.jpg 768w, https:\/\/www.hospizhilfe-siegen.de\/wp-content\/uploads\/2026\/03\/Collage-vom-Fortbildungswochenende-225x300.jpg 225w, https:\/\/www.hospizhilfe-siegen.de\/wp-content\/uploads\/2026\/03\/Collage-vom-Fortbildungswochenende.jpg 960w\" sizes=\"auto, (max-width: 768px) 100vw, 768px\" \/><\/figure>\n\n\n\n<p><br><br>Die beiden Koordinatorinnen,&nbsp;<strong>Christina Mertens<\/strong>&nbsp;(Aromapflege) und&nbsp;<strong>Maria Ermes-Soleymani&nbsp;<\/strong>(Akupressur), begeisterten die Teilnehmer mit einer lockeren und fr\u00f6hlichen Herangehensweise. Sie vermittelten sowohl theoretisches Wissen als auch praktische Anwendungen, die f\u00fcr die Sterbebegleitung von gro\u00dfer Bedeutung sind.<\/p>\n\n\n\n<p>Frau Charlotte Boes stellte sich als neue Leitung der Sozialen Dienste des Caritasverband von S\u00fcdwestfalen, und somit auch als neue Leitung der Koordinationsstelle f\u00fcr Ambulante Hospizarbeit, vor.<br><br>Der Tenor der Veranstaltung war durchweg positiv: \u201eEs waren zwei sehr offene, humorvolle Tage, an denen wir viel \u00fcber den Einsatz von Akupunkten zur Entspannung oder gegen \u00dcbelkeit bis hin zu wohlriechenden D\u00fcften und einer beruhigenden Handmassage lernen durften.\u201c<br><br>Ein herzliches Dankesch\u00f6n an alle Beteiligten f\u00fcr dieses sch\u00f6ne Seminar!\u00a0<\/p>\n\n\n\n<p><\/p>\n\n\n\n<p><br><br><\/p>\n","protected":false},"excerpt":{"rendered":"<p>Fortbildungswochenende f\u00fcr ehrenamtliche Begleiter und Begleiterinnen der Ambulanten \u00f6kumenischen Hospizhilfe Siegen. Am 27. und 28. Februar fand in der Akademie Biggesee, in Attendorn, Neu-Listernohl, das allj\u00e4hrliche Fortbildungswochenende f\u00fcr die ehrenamtlichen Mitarbeiter und Mitarbeiterinnen des Hospizvereins statt. Die zwei Tage standen<\/p>\n","protected":false},"author":10,"featured_media":4176,"comment_status":"closed","ping_status":"closed","sticky":false,"template":"","format":"standard","meta":{"footnotes":""},"categories":[1],"tags":[221,220,37,32,222,219],"class_list":["post-4175","post","type-post","status-publish","format-standard","has-post-thumbnail","hentry","category-uncategorized","tag-akupressur","tag-aromapflege","tag-ehrenamt","tag-fortbildung","tag-gemeinschaft","tag-hospizverein"],"yoast_head":"<!-- This site is optimized with the Yoast SEO plugin v26.3 - https:\/\/yoast.com\/wordpress\/plugins\/seo\/ -->\n<title>Fortbildungswochenende 2026 - hospizhilfe siegen<\/title>\n<meta name=\"robots\" content=\"index, follow, max-snippet:-1, max-image-preview:large, max-video-preview:-1\" \/>\n<link rel=\"canonical\" href=\"https:\/\/www.hospizhilfe-siegen.de\/?p=4175\" \/>\n<meta property=\"og:locale\" content=\"de_DE\" \/>\n<meta property=\"og:type\" content=\"article\" \/>\n<meta property=\"og:title\" content=\"Fortbildungswochenende 2026 - hospizhilfe siegen\" \/>\n<meta property=\"og:description\" content=\"Fortbildungswochenende f\u00fcr ehrenamtliche Begleiter und Begleiterinnen der Ambulanten \u00f6kumenischen Hospizhilfe Siegen. Am 27. und 28. Februar fand in der Akademie Biggesee, in Attendorn, Neu-Listernohl, das allj\u00e4hrliche Fortbildungswochenende f\u00fcr die ehrenamtlichen Mitarbeiter und Mitarbeiterinnen des Hospizvereins statt. Die zwei Tage standen\" \/>\n<meta property=\"og:url\" content=\"https:\/\/www.hospizhilfe-siegen.de\/?p=4175\" \/>\n<meta property=\"og:site_name\" content=\"hospizhilfe siegen\" \/>\n<meta property=\"article:publisher\" content=\"https:\/\/www.facebook.com\/HospizhilfeSiegen\" \/>\n<meta property=\"article:published_time\" content=\"2026-03-16T15:30:03+00:00\" \/>\n<meta property=\"article:modified_time\" content=\"2026-03-16T15:35:01+00:00\" \/>\n<meta property=\"og:image\" content=\"https:\/\/www.hospizhilfe-siegen.de\/wp-content\/uploads\/2026\/03\/Duftlampe_1.jpg\" \/>\n\t<meta property=\"og:image:width\" content=\"1218\" \/>\n\t<meta property=\"og:image:height\" content=\"1280\" \/>\n\t<meta property=\"og:image:type\" content=\"image\/jpeg\" \/>\n<meta name=\"author\" content=\"J\u00fcrgen Schade\" \/>\n<meta name=\"twitter:card\" content=\"summary_large_image\" \/>\n<meta name=\"twitter:label1\" content=\"Verfasst von\" \/>\n\t<meta name=\"twitter:data1\" content=\"J\u00fcrgen Schade\" \/>\n\t<meta name=\"twitter:label2\" content=\"Gesch\u00e4tzte Lesezeit\" \/>\n\t<meta name=\"twitter:data2\" content=\"2\u00a0Minuten\" \/>\n<script type=\"application\/ld+json\" class=\"yoast-schema-graph\">{\"@context\":\"https:\/\/schema.org\",\"@graph\":[{\"@type\":\"Article\",\"@id\":\"https:\/\/www.hospizhilfe-siegen.de\/?p=4175#article\",\"isPartOf\":{\"@id\":\"https:\/\/www.hospizhilfe-siegen.de\/?p=4175\"},\"author\":{\"name\":\"J\u00fcrgen Schade\",\"@id\":\"https:\/\/www.hospizhilfe-siegen.de\/#\/schema\/person\/bb99d5fa32b377dfa70162bce7848619\"},\"headline\":\"Fortbildungswochenende 2026\",\"datePublished\":\"2026-03-16T15:30:03+00:00\",\"dateModified\":\"2026-03-16T15:35:01+00:00\",\"mainEntityOfPage\":{\"@id\":\"https:\/\/www.hospizhilfe-siegen.de\/?p=4175\"},\"wordCount\":201,\"publisher\":{\"@id\":\"https:\/\/www.hospizhilfe-siegen.de\/#organization\"},\"image\":{\"@id\":\"https:\/\/www.hospizhilfe-siegen.de\/?p=4175#primaryimage\"},\"thumbnailUrl\":\"https:\/\/www.hospizhilfe-siegen.de\/wp-content\/uploads\/2026\/03\/Duftlampe_1.jpg\",\"keywords\":[\"Akupressur\",\"Aromapflege\",\"Ehrenamt\",\"Fortbildung\",\"Gemeinschaft\",\"Hospizverein\"],\"articleSection\":[\"Uncategorized\"],\"inLanguage\":\"de\"},{\"@type\":\"WebPage\",\"@id\":\"https:\/\/www.hospizhilfe-siegen.de\/?p=4175\",\"url\":\"https:\/\/www.hospizhilfe-siegen.de\/?p=4175\",\"name\":\"Fortbildungswochenende 2026 - hospizhilfe siegen\",\"isPartOf\":{\"@id\":\"https:\/\/www.hospizhilfe-siegen.de\/#website\"},\"primaryImageOfPage\":{\"@id\":\"https:\/\/www.hospizhilfe-siegen.de\/?p=4175#primaryimage\"},\"image\":{\"@id\":\"https:\/\/www.hospizhilfe-siegen.de\/?p=4175#primaryimage\"},\"thumbnailUrl\":\"https:\/\/www.hospizhilfe-siegen.de\/wp-content\/uploads\/2026\/03\/Duftlampe_1.jpg\",\"datePublished\":\"2026-03-16T15:30:03+00:00\",\"dateModified\":\"2026-03-16T15:35:01+00:00\",\"breadcrumb\":{\"@id\":\"https:\/\/www.hospizhilfe-siegen.de\/?p=4175#breadcrumb\"},\"inLanguage\":\"de\",\"potentialAction\":[{\"@type\":\"ReadAction\",\"target\":[\"https:\/\/www.hospizhilfe-siegen.de\/?p=4175\"]}]},{\"@type\":\"ImageObject\",\"inLanguage\":\"de\",\"@id\":\"https:\/\/www.hospizhilfe-siegen.de\/?p=4175#primaryimage\",\"url\":\"https:\/\/www.hospizhilfe-siegen.de\/wp-content\/uploads\/2026\/03\/Duftlampe_1.jpg\",\"contentUrl\":\"https:\/\/www.hospizhilfe-siegen.de\/wp-content\/uploads\/2026\/03\/Duftlampe_1.jpg\",\"width\":1218,\"height\":1280},{\"@type\":\"BreadcrumbList\",\"@id\":\"https:\/\/www.hospizhilfe-siegen.de\/?p=4175#breadcrumb\",\"itemListElement\":[{\"@type\":\"ListItem\",\"position\":1,\"name\":\"Startseite\",\"item\":\"https:\/\/www.hospizhilfe-siegen.de\/\"},{\"@type\":\"ListItem\",\"position\":2,\"name\":\"Fortbildungswochenende 2026\"}]},{\"@type\":\"WebSite\",\"@id\":\"https:\/\/www.hospizhilfe-siegen.de\/#website\",\"url\":\"https:\/\/www.hospizhilfe-siegen.de\/\",\"name\":\"hospizhilfe siegen\",\"description\":\"\",\"publisher\":{\"@id\":\"https:\/\/www.hospizhilfe-siegen.de\/#organization\"},\"potentialAction\":[{\"@type\":\"SearchAction\",\"target\":{\"@type\":\"EntryPoint\",\"urlTemplate\":\"https:\/\/www.hospizhilfe-siegen.de\/?s={search_term_string}\"},\"query-input\":{\"@type\":\"PropertyValueSpecification\",\"valueRequired\":true,\"valueName\":\"search_term_string\"}}],\"inLanguage\":\"de\"},{\"@type\":\"Organization\",\"@id\":\"https:\/\/www.hospizhilfe-siegen.de\/#organization\",\"name\":\"Ambulante \u00f6kumenische Hospizhilfe Siegen e.V.\",\"url\":\"https:\/\/www.hospizhilfe-siegen.de\/\",\"logo\":{\"@type\":\"ImageObject\",\"inLanguage\":\"de\",\"@id\":\"https:\/\/www.hospizhilfe-siegen.de\/#\/schema\/logo\/image\/\",\"url\":\"https:\/\/www.hospizhilfe-siegen.de\/wp-content\/uploads\/2017\/03\/logo_400.jpg\",\"contentUrl\":\"https:\/\/www.hospizhilfe-siegen.de\/wp-content\/uploads\/2017\/03\/logo_400.jpg\",\"width\":407,\"height\":159,\"caption\":\"Ambulante \u00f6kumenische Hospizhilfe Siegen e.V.\"},\"image\":{\"@id\":\"https:\/\/www.hospizhilfe-siegen.de\/#\/schema\/logo\/image\/\"},\"sameAs\":[\"https:\/\/www.facebook.com\/HospizhilfeSiegen\"]},{\"@type\":\"Person\",\"@id\":\"https:\/\/www.hospizhilfe-siegen.de\/#\/schema\/person\/bb99d5fa32b377dfa70162bce7848619\",\"name\":\"J\u00fcrgen Schade\",\"sameAs\":[\"https:\/\/www.hospizhilfe-siegen.de\"],\"url\":\"https:\/\/www.hospizhilfe-siegen.de\/?author=10\"}]}<\/script>\n<!-- \/ Yoast SEO plugin. -->","yoast_head_json":{"title":"Fortbildungswochenende 2026 - hospizhilfe siegen","robots":{"index":"index","follow":"follow","max-snippet":"max-snippet:-1","max-image-preview":"max-image-preview:large","max-video-preview":"max-video-preview:-1"},"canonical":"https:\/\/www.hospizhilfe-siegen.de\/?p=4175","og_locale":"de_DE","og_type":"article","og_title":"Fortbildungswochenende 2026 - hospizhilfe siegen","og_description":"Fortbildungswochenende f\u00fcr ehrenamtliche Begleiter und Begleiterinnen der Ambulanten \u00f6kumenischen Hospizhilfe Siegen. Am 27. und 28. Februar fand in der Akademie Biggesee, in Attendorn, Neu-Listernohl, das allj\u00e4hrliche Fortbildungswochenende f\u00fcr die ehrenamtlichen Mitarbeiter und Mitarbeiterinnen des Hospizvereins statt. Die zwei Tage standen","og_url":"https:\/\/www.hospizhilfe-siegen.de\/?p=4175","og_site_name":"hospizhilfe siegen","article_publisher":"https:\/\/www.facebook.com\/HospizhilfeSiegen","article_published_time":"2026-03-16T15:30:03+00:00","article_modified_time":"2026-03-16T15:35:01+00:00","og_image":[{"width":1218,"height":1280,"url":"https:\/\/www.hospizhilfe-siegen.de\/wp-content\/uploads\/2026\/03\/Duftlampe_1.jpg","type":"image\/jpeg"}],"author":"J\u00fcrgen Schade","twitter_card":"summary_large_image","twitter_misc":{"Verfasst von":"J\u00fcrgen Schade","Gesch\u00e4tzte Lesezeit":"2\u00a0Minuten"},"schema":{"@context":"https:\/\/schema.org","@graph":[{"@type":"Article","@id":"https:\/\/www.hospizhilfe-siegen.de\/?p=4175#article","isPartOf":{"@id":"https:\/\/www.hospizhilfe-siegen.de\/?p=4175"},"author":{"name":"J\u00fcrgen Schade","@id":"https:\/\/www.hospizhilfe-siegen.de\/#\/schema\/person\/bb99d5fa32b377dfa70162bce7848619"},"headline":"Fortbildungswochenende 2026","datePublished":"2026-03-16T15:30:03+00:00","dateModified":"2026-03-16T15:35:01+00:00","mainEntityOfPage":{"@id":"https:\/\/www.hospizhilfe-siegen.de\/?p=4175"},"wordCount":201,"publisher":{"@id":"https:\/\/www.hospizhilfe-siegen.de\/#organization"},"image":{"@id":"https:\/\/www.hospizhilfe-siegen.de\/?p=4175#primaryimage"},"thumbnailUrl":"https:\/\/www.hospizhilfe-siegen.de\/wp-content\/uploads\/2026\/03\/Duftlampe_1.jpg","keywords":["Akupressur","Aromapflege","Ehrenamt","Fortbildung","Gemeinschaft","Hospizverein"],"articleSection":["Uncategorized"],"inLanguage":"de"},{"@type":"WebPage","@id":"https:\/\/www.hospizhilfe-siegen.de\/?p=4175","url":"https:\/\/www.hospizhilfe-siegen.de\/?p=4175","name":"Fortbildungswochenende 2026 - hospizhilfe siegen","isPartOf":{"@id":"https:\/\/www.hospizhilfe-siegen.de\/#website"},"primaryImageOfPage":{"@id":"https:\/\/www.hospizhilfe-siegen.de\/?p=4175#primaryimage"},"image":{"@id":"https:\/\/www.hospizhilfe-siegen.de\/?p=4175#primaryimage"},"thumbnailUrl":"https:\/\/www.hospizhilfe-siegen.de\/wp-content\/uploads\/2026\/03\/Duftlampe_1.jpg","datePublished":"2026-03-16T15:30:03+00:00","dateModified":"2026-03-16T15:35:01+00:00","breadcrumb":{"@id":"https:\/\/www.hospizhilfe-siegen.de\/?p=4175#breadcrumb"},"inLanguage":"de","potentialAction":[{"@type":"ReadAction","target":["https:\/\/www.hospizhilfe-siegen.de\/?p=4175"]}]},{"@type":"ImageObject","inLanguage":"de","@id":"https:\/\/www.hospizhilfe-siegen.de\/?p=4175#primaryimage","url":"https:\/\/www.hospizhilfe-siegen.de\/wp-content\/uploads\/2026\/03\/Duftlampe_1.jpg","contentUrl":"https:\/\/www.hospizhilfe-siegen.de\/wp-content\/uploads\/2026\/03\/Duftlampe_1.jpg","width":1218,"height":1280},{"@type":"BreadcrumbList","@id":"https:\/\/www.hospizhilfe-siegen.de\/?p=4175#breadcrumb","itemListElement":[{"@type":"ListItem","position":1,"name":"Startseite","item":"https:\/\/www.hospizhilfe-siegen.de\/"},{"@type":"ListItem","position":2,"name":"Fortbildungswochenende 2026"}]},{"@type":"WebSite","@id":"https:\/\/www.hospizhilfe-siegen.de\/#website","url":"https:\/\/www.hospizhilfe-siegen.de\/","name":"hospizhilfe siegen","description":"","publisher":{"@id":"https:\/\/www.hospizhilfe-siegen.de\/#organization"},"potentialAction":[{"@type":"SearchAction","target":{"@type":"EntryPoint","urlTemplate":"https:\/\/www.hospizhilfe-siegen.de\/?s={search_term_string}"},"query-input":{"@type":"PropertyValueSpecification","valueRequired":true,"valueName":"search_term_string"}}],"inLanguage":"de"},{"@type":"Organization","@id":"https:\/\/www.hospizhilfe-siegen.de\/#organization","name":"Ambulante \u00f6kumenische Hospizhilfe Siegen e.V.","url":"https:\/\/www.hospizhilfe-siegen.de\/","logo":{"@type":"ImageObject","inLanguage":"de","@id":"https:\/\/www.hospizhilfe-siegen.de\/#\/schema\/logo\/image\/","url":"https:\/\/www.hospizhilfe-siegen.de\/wp-content\/uploads\/2017\/03\/logo_400.jpg","contentUrl":"https:\/\/www.hospizhilfe-siegen.de\/wp-content\/uploads\/2017\/03\/logo_400.jpg","width":407,"height":159,"caption":"Ambulante \u00f6kumenische Hospizhilfe Siegen e.V."},"image":{"@id":"https:\/\/www.hospizhilfe-siegen.de\/#\/schema\/logo\/image\/"},"sameAs":["https:\/\/www.facebook.com\/HospizhilfeSiegen"]},{"@type":"Person","@id":"https:\/\/www.hospizhilfe-siegen.de\/#\/schema\/person\/bb99d5fa32b377dfa70162bce7848619","name":"J\u00fcrgen Schade","sameAs":["https:\/\/www.hospizhilfe-siegen.de"],"url":"https:\/\/www.hospizhilfe-siegen.de\/?author=10"}]}},"_links":{"self":[{"href":"https:\/\/www.hospizhilfe-siegen.de\/index.php?rest_route=\/wp\/v2\/posts\/4175","targetHints":{"allow":["GET"]}}],"collection":[{"href":"https:\/\/www.hospizhilfe-siegen.de\/index.php?rest_route=\/wp\/v2\/posts"}],"about":[{"href":"https:\/\/www.hospizhilfe-siegen.de\/index.php?rest_route=\/wp\/v2\/types\/post"}],"author":[{"embeddable":true,"href":"https:\/\/www.hospizhilfe-siegen.de\/index.php?rest_route=\/wp\/v2\/users\/10"}],"replies":[{"embeddable":true,"href":"https:\/\/www.hospizhilfe-siegen.de\/index.php?rest_route=%2Fwp%2Fv2%2Fcomments&post=4175"}],"version-history":[{"count":2,"href":"https:\/\/www.hospizhilfe-siegen.de\/index.php?rest_route=\/wp\/v2\/posts\/4175\/revisions"}],"predecessor-version":[{"id":4180,"href":"https:\/\/www.hospizhilfe-siegen.de\/index.php?rest_route=\/wp\/v2\/posts\/4175\/revisions\/4180"}],"wp:featuredmedia":[{"embeddable":true,"href":"https:\/\/www.hospizhilfe-siegen.de\/index.php?rest_route=\/wp\/v2\/media\/4176"}],"wp:attachment":[{"href":"https:\/\/www.hospizhilfe-siegen.de\/index.php?rest_route=%2Fwp%2Fv2%2Fmedia&parent=4175"}],"wp:term":[{"taxonomy":"category","embeddable":true,"href":"https:\/\/www.hospizhilfe-siegen.de\/index.php?rest_route=%2Fwp%2Fv2%2Fcategories&post=4175"},{"taxonomy":"post_tag","embeddable":true,"href":"https:\/\/www.hospizhilfe-siegen.de\/index.php?rest_route=%2Fwp%2Fv2%2Ftags&post=4175"}],"curies":[{"name":"wp","href":"https:\/\/api.w.org\/{rel}","templated":true}]}}