{"id":4455,"date":"2026-09-03T18:08:08","date_gmt":"2026-09-03T18:08:08","guid":{"rendered":"https:\/\/www.hospizhilfe-siegen.de\/?p=4455"},"modified":"2026-09-03T18:09:47","modified_gmt":"2026-09-03T18:09:47","slug":"trauercafe-macht-sommerpause-2-2","status":"publish","type":"post","link":"https:\/\/www.hospizhilfe-siegen.de\/?p=4455","title":{"rendered":"START der Trauerkomb\u00fcse 2026"},"content":{"rendered":"\n<div class=\"wp-block-media-text is-stacked-on-mobile\"><figure class=\"wp-block-media-text__media\"><img loading=\"lazy\" decoding=\"async\" width=\"1024\" height=\"685\" src=\"https:\/\/www.hospizhilfe-siegen.de\/wp-content\/uploads\/2026\/07\/TRauerkombuese_2-1024x685.png\" alt=\"\" class=\"wp-image-4272 size-full\" srcset=\"https:\/\/www.hospizhilfe-siegen.de\/wp-content\/uploads\/2026\/07\/TRauerkombuese_2-1024x685.png 1024w, https:\/\/www.hospizhilfe-siegen.de\/wp-content\/uploads\/2026\/07\/TRauerkombuese_2-300x201.png 300w, https:\/\/www.hospizhilfe-siegen.de\/wp-content\/uploads\/2026\/07\/TRauerkombuese_2-768x514.png 768w, https:\/\/www.hospizhilfe-siegen.de\/wp-content\/uploads\/2026\/07\/TRauerkombuese_2.png 1208w\" sizes=\"auto, (max-width: 1024px) 100vw, 1024px\" \/><\/figure><div class=\"wp-block-media-text__content\">\n<h3 class=\"wp-block-heading\">Gemeinsam kochen<br>Gemeinsam essen<br>Gemeinsam auftanken<\/h3>\n\n\n\n<p class=\"has-text-align-left\"><strong>Trauerkomb\u00fcse &#8211; ein Angebot f\u00fcr trauernde M\u00e4nner<\/strong><\/p>\n\n\n\n<p class=\"has-text-align-left has-vivid-red-color has-pale-cyan-blue-background-color has-text-color has-background has-link-color wp-elements-3bd64c7c9f095c19838e38ab0b76334f\"><strong>Am 29.Oktober 2026, um 17:30 Uhr, startet <\/strong><\/p>\n\n\n\n<p class=\"has-text-align-left\"><strong>die Ambulante \u00f6kumenische Hospizhilfe Siegen e.V. einen weiteren Durchlauf der Trauerkomb\u00fcse mit einem \u201eSchnuppertreff\u201c,<\/strong><\/p>\n\n\n\n<hr class=\"wp-block-separator has-alpha-channel-opacity\"\/>\n<\/div><\/div>\n\n\n\n<div style=\"height:100px\" aria-hidden=\"true\" class=\"wp-block-spacer\"><\/div>\n\n\n\n<p>in den R\u00e4umen der Tagespflege, St. Martin, B\u00fchlstra\u00dfe 2, 57080 Siegen \u2013 Eiserfeld.<br>Weitere sieben Termine finden dann in einer festen Gruppe w\u00f6chentlich, jeweils donnerstags, von 17:30 -20:00 Uhr, statt.<br><\/p>\n\n\n\n<div class=\"wp-block-media-text has-media-on-the-right is-stacked-on-mobile\"><div class=\"wp-block-media-text__content\">\n<h5 class=\"wp-block-heading has-black-color has-pale-cyan-blue-background-color has-text-color has-background has-link-color wp-elements-d8ef49898a6f8eb0c1f112e6b4556901\"><strong>Tagespflege St. Martin<\/strong><br><strong>in Siegen-Eiserfeld<\/strong><br>B\u00fchlstr. 2<br>57080 Siegen<\/h5>\n\n\n\n<div style=\"height:59px\" aria-hidden=\"true\" class=\"wp-block-spacer\"><\/div>\n\n\n\n<figure class=\"wp-block-image size-large\"><img loading=\"lazy\" decoding=\"async\" width=\"1024\" height=\"768\" src=\"https:\/\/www.hospizhilfe-siegen.de\/wp-content\/uploads\/2026\/09\/St.-Martin-1024x768.jpg\" alt=\"\" class=\"wp-image-4463\" srcset=\"https:\/\/www.hospizhilfe-siegen.de\/wp-content\/uploads\/2026\/09\/St.-Martin-1024x768.jpg 1024w, https:\/\/www.hospizhilfe-siegen.de\/wp-content\/uploads\/2026\/09\/St.-Martin-300x225.jpg 300w, https:\/\/www.hospizhilfe-siegen.de\/wp-content\/uploads\/2026\/09\/St.-Martin-768x576.jpg 768w, https:\/\/www.hospizhilfe-siegen.de\/wp-content\/uploads\/2026\/09\/St.-Martin-1536x1152.jpg 1536w, https:\/\/www.hospizhilfe-siegen.de\/wp-content\/uploads\/2026\/09\/St.-Martin-2048x1536.jpg 2048w\" sizes=\"auto, (max-width: 1024px) 100vw, 1024px\" \/><\/figure>\n\n\n\n<p><\/p>\n\n\n\n<figure class=\"wp-block-gallery has-nested-images columns-default is-cropped wp-block-gallery-1 is-layout-flex wp-block-gallery-is-layout-flex\">\n<figure class=\"wp-block-image size-large\"><img loading=\"lazy\" decoding=\"async\" width=\"1024\" height=\"683\" data-id=\"4464\" src=\"https:\/\/www.hospizhilfe-siegen.de\/wp-content\/uploads\/2026\/09\/Tagespflege-St.Martin-Haustuer-1-1024x683.jpg\" alt=\"\" class=\"wp-image-4464\" srcset=\"https:\/\/www.hospizhilfe-siegen.de\/wp-content\/uploads\/2026\/09\/Tagespflege-St.Martin-Haustuer-1-1024x683.jpg 1024w, https:\/\/www.hospizhilfe-siegen.de\/wp-content\/uploads\/2026\/09\/Tagespflege-St.Martin-Haustuer-1-300x200.jpg 300w, https:\/\/www.hospizhilfe-siegen.de\/wp-content\/uploads\/2026\/09\/Tagespflege-St.Martin-Haustuer-1-768x512.jpg 768w, https:\/\/www.hospizhilfe-siegen.de\/wp-content\/uploads\/2026\/09\/Tagespflege-St.Martin-Haustuer-1-1536x1024.jpg 1536w, https:\/\/www.hospizhilfe-siegen.de\/wp-content\/uploads\/2026\/09\/Tagespflege-St.Martin-Haustuer-1.jpg 1920w\" sizes=\"auto, (max-width: 1024px) 100vw, 1024px\" \/><\/figure>\n<\/figure>\n<\/div><figure class=\"wp-block-media-text__media\"><img loading=\"lazy\" decoding=\"async\" width=\"1024\" height=\"683\" src=\"https:\/\/www.hospizhilfe-siegen.de\/wp-content\/uploads\/2026\/09\/Tagespflege-St.Martin-Schild-am-Dach-1024x683.jpg\" alt=\"\" class=\"wp-image-4459 size-full\" srcset=\"https:\/\/www.hospizhilfe-siegen.de\/wp-content\/uploads\/2026\/09\/Tagespflege-St.Martin-Schild-am-Dach-1024x683.jpg 1024w, https:\/\/www.hospizhilfe-siegen.de\/wp-content\/uploads\/2026\/09\/Tagespflege-St.Martin-Schild-am-Dach-300x200.jpg 300w, https:\/\/www.hospizhilfe-siegen.de\/wp-content\/uploads\/2026\/09\/Tagespflege-St.Martin-Schild-am-Dach-768x512.jpg 768w, https:\/\/www.hospizhilfe-siegen.de\/wp-content\/uploads\/2026\/09\/Tagespflege-St.Martin-Schild-am-Dach-1536x1024.jpg 1536w, https:\/\/www.hospizhilfe-siegen.de\/wp-content\/uploads\/2026\/09\/Tagespflege-St.Martin-Schild-am-Dach.jpg 1920w\" sizes=\"auto, (max-width: 1024px) 100vw, 1024px\" \/><\/figure><\/div>\n\n\n\n<div style=\"height:80px\" aria-hidden=\"true\" class=\"wp-block-spacer\"><\/div>\n\n\n\n<p class=\"has-vivid-red-color has-pale-cyan-blue-background-color has-text-color has-background has-link-color wp-elements-122fbe3f596eca120c3dd88043a2aa8a\"><strong>Die Erfahrung hat gezeigt, wie wichtig und hilfreich in Trauersituationen der Austausch untereinander ist, daher wird auch in diesem Jahr die Trauerkomb\u00fcse erneut \u201ege\u00f6ffnet\u201c.<\/strong><\/p>\n\n\n\n<div style=\"height:47px\" aria-hidden=\"true\" class=\"wp-block-spacer\"><\/div>\n\n\n\n<figure class=\"wp-block-gallery has-nested-images columns-default is-cropped wp-block-gallery-2 is-layout-flex wp-block-gallery-is-layout-flex\">\n<figure class=\"wp-block-image size-large\"><img loading=\"lazy\" decoding=\"async\" width=\"1024\" height=\"683\" data-id=\"4466\" src=\"https:\/\/www.hospizhilfe-siegen.de\/wp-content\/uploads\/2026\/09\/TK_Esstisch-leer-1024x683.jpg\" alt=\"\" class=\"wp-image-4466\" srcset=\"https:\/\/www.hospizhilfe-siegen.de\/wp-content\/uploads\/2026\/09\/TK_Esstisch-leer-1024x683.jpg 1024w, https:\/\/www.hospizhilfe-siegen.de\/wp-content\/uploads\/2026\/09\/TK_Esstisch-leer-300x200.jpg 300w, https:\/\/www.hospizhilfe-siegen.de\/wp-content\/uploads\/2026\/09\/TK_Esstisch-leer-768x512.jpg 768w, https:\/\/www.hospizhilfe-siegen.de\/wp-content\/uploads\/2026\/09\/TK_Esstisch-leer-1536x1024.jpg 1536w, https:\/\/www.hospizhilfe-siegen.de\/wp-content\/uploads\/2026\/09\/TK_Esstisch-leer.jpg 1920w\" sizes=\"auto, (max-width: 1024px) 100vw, 1024px\" \/><\/figure>\n\n\n\n<figure class=\"wp-block-image size-large\"><img loading=\"lazy\" decoding=\"async\" width=\"1024\" height=\"682\" data-id=\"4468\" src=\"https:\/\/www.hospizhilfe-siegen.de\/wp-content\/uploads\/2026\/09\/Blick-in-Speisesaal-1024x682.jpg\" alt=\"\" class=\"wp-image-4468\" srcset=\"https:\/\/www.hospizhilfe-siegen.de\/wp-content\/uploads\/2026\/09\/Blick-in-Speisesaal-1024x682.jpg 1024w, https:\/\/www.hospizhilfe-siegen.de\/wp-content\/uploads\/2026\/09\/Blick-in-Speisesaal-300x200.jpg 300w, https:\/\/www.hospizhilfe-siegen.de\/wp-content\/uploads\/2026\/09\/Blick-in-Speisesaal-768x512.jpg 768w, https:\/\/www.hospizhilfe-siegen.de\/wp-content\/uploads\/2026\/09\/Blick-in-Speisesaal.jpg 1280w\" sizes=\"auto, (max-width: 1024px) 100vw, 1024px\" \/><\/figure>\n<\/figure>\n\n\n\n<figure class=\"wp-block-gallery has-nested-images columns-default is-cropped wp-block-gallery-3 is-layout-flex wp-block-gallery-is-layout-flex\">\n<figure class=\"wp-block-image size-large\"><img loading=\"lazy\" decoding=\"async\" width=\"1024\" height=\"683\" data-id=\"4473\" src=\"https:\/\/www.hospizhilfe-siegen.de\/wp-content\/uploads\/2026\/09\/TK_Lebensmittel-vorbereiten-1024x683.jpg\" alt=\"\" class=\"wp-image-4473\" srcset=\"https:\/\/www.hospizhilfe-siegen.de\/wp-content\/uploads\/2026\/09\/TK_Lebensmittel-vorbereiten-1024x683.jpg 1024w, https:\/\/www.hospizhilfe-siegen.de\/wp-content\/uploads\/2026\/09\/TK_Lebensmittel-vorbereiten-300x200.jpg 300w, https:\/\/www.hospizhilfe-siegen.de\/wp-content\/uploads\/2026\/09\/TK_Lebensmittel-vorbereiten-768x512.jpg 768w, https:\/\/www.hospizhilfe-siegen.de\/wp-content\/uploads\/2026\/09\/TK_Lebensmittel-vorbereiten-1536x1024.jpg 1536w, https:\/\/www.hospizhilfe-siegen.de\/wp-content\/uploads\/2026\/09\/TK_Lebensmittel-vorbereiten.jpg 1920w\" sizes=\"auto, (max-width: 1024px) 100vw, 1024px\" \/><\/figure>\n\n\n\n<figure class=\"wp-block-image size-large\"><img loading=\"lazy\" decoding=\"async\" width=\"1024\" height=\"683\" data-id=\"4467\" src=\"https:\/\/www.hospizhilfe-siegen.de\/wp-content\/uploads\/2026\/09\/TK_Der-Herd-1024x683.jpg\" alt=\"\" class=\"wp-image-4467\" srcset=\"https:\/\/www.hospizhilfe-siegen.de\/wp-content\/uploads\/2026\/09\/TK_Der-Herd-1024x683.jpg 1024w, https:\/\/www.hospizhilfe-siegen.de\/wp-content\/uploads\/2026\/09\/TK_Der-Herd-300x200.jpg 300w, https:\/\/www.hospizhilfe-siegen.de\/wp-content\/uploads\/2026\/09\/TK_Der-Herd-768x512.jpg 768w, https:\/\/www.hospizhilfe-siegen.de\/wp-content\/uploads\/2026\/09\/TK_Der-Herd-1536x1024.jpg 1536w, https:\/\/www.hospizhilfe-siegen.de\/wp-content\/uploads\/2026\/09\/TK_Der-Herd-2048x1365.jpg 2048w\" sizes=\"auto, (max-width: 1024px) 100vw, 1024px\" \/><\/figure>\n\n\n\n<figure class=\"wp-block-image size-large\"><img loading=\"lazy\" decoding=\"async\" width=\"768\" height=\"1024\" data-id=\"4474\" src=\"https:\/\/www.hospizhilfe-siegen.de\/wp-content\/uploads\/2026\/09\/Kochzeile-768x1024.jpg\" alt=\"\" class=\"wp-image-4474\" srcset=\"https:\/\/www.hospizhilfe-siegen.de\/wp-content\/uploads\/2026\/09\/Kochzeile-768x1024.jpg 768w, https:\/\/www.hospizhilfe-siegen.de\/wp-content\/uploads\/2026\/09\/Kochzeile-225x300.jpg 225w, https:\/\/www.hospizhilfe-siegen.de\/wp-content\/uploads\/2026\/09\/Kochzeile-1152x1536.jpg 1152w, https:\/\/www.hospizhilfe-siegen.de\/wp-content\/uploads\/2026\/09\/Kochzeile-rotated.jpg 1512w\" sizes=\"auto, (max-width: 768px) 100vw, 768px\" \/><\/figure>\n<\/figure>\n\n\n\n<div style=\"height:71px\" aria-hidden=\"true\" class=\"wp-block-spacer\"><\/div>\n\n\n\n<p class=\"has-black-color has-pale-cyan-blue-background-color has-text-color has-background has-link-color wp-elements-bd00931bd2b9c9ea8d34cef931c14234\"><strong>Angesprochen sind M\u00e4nner jeden Alters, die den Austausch mit anderen trauernden M\u00e4nnern und die Unterst\u00fctzung in Fragen rund ums Kochen suchen, um ihren Alltag wieder mehr Struktur und Lebensqualit\u00e4t zu geben.<\/strong><\/p>\n\n\n\n<div style=\"height:36px\" aria-hidden=\"true\" class=\"wp-block-spacer\"><\/div>\n\n\n\n<p class=\"has-vivid-red-color has-text-color has-link-color wp-elements-7c5b656bd7113b1e4cfb75ce2e33e382\"><strong>Da die Teilnehmerzahl begrenzt ist, ist eine vorherige Anmeldung bis zum 26.10.2026, erforderlich.<\/strong><\/p>\n\n\n\n<div style=\"height:73px\" aria-hidden=\"true\" class=\"wp-block-spacer\"><\/div>\n\n\n\n<figure class=\"wp-block-image size-full is-resized\"><a href=\"https:\/\/www.hospizhilfe-siegen.de\/wp-content\/uploads\/2026\/09\/Flyer-Trauerkombuese-2026.pdf\" target=\"_blank\" rel=\" noreferrer noopener\"><img loading=\"lazy\" decoding=\"async\" width=\"392\" height=\"587\" src=\"https:\/\/www.hospizhilfe-siegen.de\/wp-content\/uploads\/2026\/09\/Bullauge-mit-Text-1.png\" alt=\"\" class=\"wp-image-4482\" style=\"aspect-ratio:9\/16;object-fit:cover;width:355px;height:auto\" srcset=\"https:\/\/www.hospizhilfe-siegen.de\/wp-content\/uploads\/2026\/09\/Bullauge-mit-Text-1.png 392w, https:\/\/www.hospizhilfe-siegen.de\/wp-content\/uploads\/2026\/09\/Bullauge-mit-Text-1-200x300.png 200w\" sizes=\"auto, (max-width: 392px) 100vw, 392px\" \/><\/a><\/figure>\n\n\n\n<p><br><\/p>\n\n\n\n<p><strong>Information:<\/strong><br><a href=\"https:\/\/www.hospizhilfe-siegen.de\/?page_id=217\" target=\"_blank\" rel=\"noreferrer noopener\">Koordinationsstelle f\u00fcr Ambulante Hospizarbeit<\/a> beim Caritasverband In S\u00fcdwestfalen<br>Maria Ermes-Soleymani Tel. 0271 23602-67 oder +49(0)160-99494056<br><strong>E-Mail:&nbsp;<\/strong><a href=\"mailto:koordination-hospizarbeit@caritas-suedwestfalen.de\">koordination-hospizarbeit@caritas-suedwestfalen.de<\/a><\/p>\n\n\n\n<div style=\"height:305px\" aria-hidden=\"true\" class=\"wp-block-spacer\"><\/div>\n\n\n\n<p>Bildnachweis: <em>Pixabay<\/em> \/ Eigene<\/p>\n\n\n\n<p><\/p>\n","protected":false},"excerpt":{"rendered":"<p>in den R\u00e4umen der Tagespflege, St. Martin, B\u00fchlstra\u00dfe 2, 57080 Siegen \u2013 Eiserfeld.Weitere sieben Termine finden dann in einer festen Gruppe w\u00f6chentlich, jeweils donnerstags, von 17:30 -20:00 Uhr, statt. Die Erfahrung hat gezeigt, wie wichtig und hilfreich in Trauersituationen der<\/p>\n","protected":false},"author":10,"featured_media":4482,"comment_status":"closed","ping_status":"closed","sticky":false,"template":"","format":"standard","meta":{"footnotes":""},"categories":[1],"tags":[],"class_list":["post-4455","post","type-post","status-publish","format-standard","has-post-thumbnail","hentry","category-uncategorized"],"yoast_head":"<!-- This site is optimized with the Yoast SEO plugin v26.3 - https:\/\/yoast.com\/wordpress\/plugins\/seo\/ -->\n<title>START der Trauerkomb\u00fcse 2026 - hospizhilfe siegen<\/title>\n<meta name=\"robots\" content=\"index, follow, max-snippet:-1, max-image-preview:large, max-video-preview:-1\" \/>\n<link rel=\"canonical\" href=\"https:\/\/www.hospizhilfe-siegen.de\/?p=4455\" \/>\n<meta property=\"og:locale\" content=\"de_DE\" \/>\n<meta property=\"og:type\" content=\"article\" \/>\n<meta property=\"og:title\" content=\"START der Trauerkomb\u00fcse 2026 - hospizhilfe siegen\" \/>\n<meta property=\"og:description\" content=\"in den R\u00e4umen der Tagespflege, St. Martin, B\u00fchlstra\u00dfe 2, 57080 Siegen \u2013 Eiserfeld.Weitere sieben Termine finden dann in einer festen Gruppe w\u00f6chentlich, jeweils donnerstags, von 17:30 -20:00 Uhr, statt. Die Erfahrung hat gezeigt, wie wichtig und hilfreich in Trauersituationen der\" \/>\n<meta property=\"og:url\" content=\"https:\/\/www.hospizhilfe-siegen.de\/?p=4455\" \/>\n<meta property=\"og:site_name\" content=\"hospizhilfe siegen\" \/>\n<meta property=\"article:publisher\" content=\"https:\/\/www.facebook.com\/HospizhilfeSiegen\" \/>\n<meta property=\"article:published_time\" content=\"2026-09-03T18:08:08+00:00\" \/>\n<meta property=\"article:modified_time\" content=\"2026-09-03T18:09:47+00:00\" \/>\n<meta property=\"og:image\" content=\"https:\/\/www.hospizhilfe-siegen.de\/wp-content\/uploads\/2026\/09\/Bullauge-mit-Text-1.png\" \/>\n\t<meta property=\"og:image:width\" content=\"392\" \/>\n\t<meta property=\"og:image:height\" content=\"587\" \/>\n\t<meta property=\"og:image:type\" content=\"image\/png\" \/>\n<meta name=\"author\" content=\"J\u00fcrgen Schade\" \/>\n<meta name=\"twitter:card\" content=\"summary_large_image\" \/>\n<meta name=\"twitter:label1\" content=\"Verfasst von\" \/>\n\t<meta name=\"twitter:data1\" content=\"J\u00fcrgen Schade\" \/>\n\t<meta name=\"twitter:label2\" content=\"Gesch\u00e4tzte Lesezeit\" \/>\n\t<meta name=\"twitter:data2\" content=\"4\u00a0Minuten\" \/>\n<script type=\"application\/ld+json\" class=\"yoast-schema-graph\">{\"@context\":\"https:\/\/schema.org\",\"@graph\":[{\"@type\":\"Article\",\"@id\":\"https:\/\/www.hospizhilfe-siegen.de\/?p=4455#article\",\"isPartOf\":{\"@id\":\"https:\/\/www.hospizhilfe-siegen.de\/?p=4455\"},\"author\":{\"name\":\"J\u00fcrgen Schade\",\"@id\":\"https:\/\/www.hospizhilfe-siegen.de\/#\/schema\/person\/bb99d5fa32b377dfa70162bce7848619\"},\"headline\":\"START der Trauerkomb\u00fcse 2026\",\"datePublished\":\"2026-09-03T18:08:08+00:00\",\"dateModified\":\"2026-09-03T18:09:47+00:00\",\"mainEntityOfPage\":{\"@id\":\"https:\/\/www.hospizhilfe-siegen.de\/?p=4455\"},\"wordCount\":174,\"publisher\":{\"@id\":\"https:\/\/www.hospizhilfe-siegen.de\/#organization\"},\"image\":{\"@id\":\"https:\/\/www.hospizhilfe-siegen.de\/?p=4455#primaryimage\"},\"thumbnailUrl\":\"https:\/\/www.hospizhilfe-siegen.de\/wp-content\/uploads\/2026\/09\/Bullauge-mit-Text-1.png\",\"articleSection\":[\"Uncategorized\"],\"inLanguage\":\"de\"},{\"@type\":\"WebPage\",\"@id\":\"https:\/\/www.hospizhilfe-siegen.de\/?p=4455\",\"url\":\"https:\/\/www.hospizhilfe-siegen.de\/?p=4455\",\"name\":\"START der Trauerkomb\u00fcse 2026 - hospizhilfe siegen\",\"isPartOf\":{\"@id\":\"https:\/\/www.hospizhilfe-siegen.de\/#website\"},\"primaryImageOfPage\":{\"@id\":\"https:\/\/www.hospizhilfe-siegen.de\/?p=4455#primaryimage\"},\"image\":{\"@id\":\"https:\/\/www.hospizhilfe-siegen.de\/?p=4455#primaryimage\"},\"thumbnailUrl\":\"https:\/\/www.hospizhilfe-siegen.de\/wp-content\/uploads\/2026\/09\/Bullauge-mit-Text-1.png\",\"datePublished\":\"2026-09-03T18:08:08+00:00\",\"dateModified\":\"2026-09-03T18:09:47+00:00\",\"breadcrumb\":{\"@id\":\"https:\/\/www.hospizhilfe-siegen.de\/?p=4455#breadcrumb\"},\"inLanguage\":\"de\",\"potentialAction\":[{\"@type\":\"ReadAction\",\"target\":[\"https:\/\/www.hospizhilfe-siegen.de\/?p=4455\"]}]},{\"@type\":\"ImageObject\",\"inLanguage\":\"de\",\"@id\":\"https:\/\/www.hospizhilfe-siegen.de\/?p=4455#primaryimage\",\"url\":\"https:\/\/www.hospizhilfe-siegen.de\/wp-content\/uploads\/2026\/09\/Bullauge-mit-Text-1.png\",\"contentUrl\":\"https:\/\/www.hospizhilfe-siegen.de\/wp-content\/uploads\/2026\/09\/Bullauge-mit-Text-1.png\",\"width\":392,\"height\":587},{\"@type\":\"BreadcrumbList\",\"@id\":\"https:\/\/www.hospizhilfe-siegen.de\/?p=4455#breadcrumb\",\"itemListElement\":[{\"@type\":\"ListItem\",\"position\":1,\"name\":\"Startseite\",\"item\":\"https:\/\/www.hospizhilfe-siegen.de\/\"},{\"@type\":\"ListItem\",\"position\":2,\"name\":\"START der Trauerkomb\u00fcse 2026\"}]},{\"@type\":\"WebSite\",\"@id\":\"https:\/\/www.hospizhilfe-siegen.de\/#website\",\"url\":\"https:\/\/www.hospizhilfe-siegen.de\/\",\"name\":\"hospizhilfe siegen\",\"description\":\"\",\"publisher\":{\"@id\":\"https:\/\/www.hospizhilfe-siegen.de\/#organization\"},\"potentialAction\":[{\"@type\":\"SearchAction\",\"target\":{\"@type\":\"EntryPoint\",\"urlTemplate\":\"https:\/\/www.hospizhilfe-siegen.de\/?s={search_term_string}\"},\"query-input\":{\"@type\":\"PropertyValueSpecification\",\"valueRequired\":true,\"valueName\":\"search_term_string\"}}],\"inLanguage\":\"de\"},{\"@type\":\"Organization\",\"@id\":\"https:\/\/www.hospizhilfe-siegen.de\/#organization\",\"name\":\"Ambulante \u00f6kumenische Hospizhilfe Siegen e.V.\",\"url\":\"https:\/\/www.hospizhilfe-siegen.de\/\",\"logo\":{\"@type\":\"ImageObject\",\"inLanguage\":\"de\",\"@id\":\"https:\/\/www.hospizhilfe-siegen.de\/#\/schema\/logo\/image\/\",\"url\":\"https:\/\/www.hospizhilfe-siegen.de\/wp-content\/uploads\/2017\/03\/logo_400.jpg\",\"contentUrl\":\"https:\/\/www.hospizhilfe-siegen.de\/wp-content\/uploads\/2017\/03\/logo_400.jpg\",\"width\":407,\"height\":159,\"caption\":\"Ambulante \u00f6kumenische Hospizhilfe Siegen e.V.\"},\"image\":{\"@id\":\"https:\/\/www.hospizhilfe-siegen.de\/#\/schema\/logo\/image\/\"},\"sameAs\":[\"https:\/\/www.facebook.com\/HospizhilfeSiegen\"]},{\"@type\":\"Person\",\"@id\":\"https:\/\/www.hospizhilfe-siegen.de\/#\/schema\/person\/bb99d5fa32b377dfa70162bce7848619\",\"name\":\"J\u00fcrgen Schade\",\"sameAs\":[\"https:\/\/www.hospizhilfe-siegen.de\"],\"url\":\"https:\/\/www.hospizhilfe-siegen.de\/?author=10\"}]}<\/script>\n<!-- \/ Yoast SEO plugin. -->","yoast_head_json":{"title":"START der Trauerkomb\u00fcse 2026 - hospizhilfe siegen","robots":{"index":"index","follow":"follow","max-snippet":"max-snippet:-1","max-image-preview":"max-image-preview:large","max-video-preview":"max-video-preview:-1"},"canonical":"https:\/\/www.hospizhilfe-siegen.de\/?p=4455","og_locale":"de_DE","og_type":"article","og_title":"START der Trauerkomb\u00fcse 2026 - hospizhilfe siegen","og_description":"in den R\u00e4umen der Tagespflege, St. Martin, B\u00fchlstra\u00dfe 2, 57080 Siegen \u2013 Eiserfeld.Weitere sieben Termine finden dann in einer festen Gruppe w\u00f6chentlich, jeweils donnerstags, von 17:30 -20:00 Uhr, statt. Die Erfahrung hat gezeigt, wie wichtig und hilfreich in Trauersituationen der","og_url":"https:\/\/www.hospizhilfe-siegen.de\/?p=4455","og_site_name":"hospizhilfe siegen","article_publisher":"https:\/\/www.facebook.com\/HospizhilfeSiegen","article_published_time":"2026-09-03T18:08:08+00:00","article_modified_time":"2026-09-03T18:09:47+00:00","og_image":[{"width":392,"height":587,"url":"https:\/\/www.hospizhilfe-siegen.de\/wp-content\/uploads\/2026\/09\/Bullauge-mit-Text-1.png","type":"image\/png"}],"author":"J\u00fcrgen Schade","twitter_card":"summary_large_image","twitter_misc":{"Verfasst von":"J\u00fcrgen Schade","Gesch\u00e4tzte Lesezeit":"4\u00a0Minuten"},"schema":{"@context":"https:\/\/schema.org","@graph":[{"@type":"Article","@id":"https:\/\/www.hospizhilfe-siegen.de\/?p=4455#article","isPartOf":{"@id":"https:\/\/www.hospizhilfe-siegen.de\/?p=4455"},"author":{"name":"J\u00fcrgen Schade","@id":"https:\/\/www.hospizhilfe-siegen.de\/#\/schema\/person\/bb99d5fa32b377dfa70162bce7848619"},"headline":"START der Trauerkomb\u00fcse 2026","datePublished":"2026-09-03T18:08:08+00:00","dateModified":"2026-09-03T18:09:47+00:00","mainEntityOfPage":{"@id":"https:\/\/www.hospizhilfe-siegen.de\/?p=4455"},"wordCount":174,"publisher":{"@id":"https:\/\/www.hospizhilfe-siegen.de\/#organization"},"image":{"@id":"https:\/\/www.hospizhilfe-siegen.de\/?p=4455#primaryimage"},"thumbnailUrl":"https:\/\/www.hospizhilfe-siegen.de\/wp-content\/uploads\/2026\/09\/Bullauge-mit-Text-1.png","articleSection":["Uncategorized"],"inLanguage":"de"},{"@type":"WebPage","@id":"https:\/\/www.hospizhilfe-siegen.de\/?p=4455","url":"https:\/\/www.hospizhilfe-siegen.de\/?p=4455","name":"START der Trauerkomb\u00fcse 2026 - hospizhilfe siegen","isPartOf":{"@id":"https:\/\/www.hospizhilfe-siegen.de\/#website"},"primaryImageOfPage":{"@id":"https:\/\/www.hospizhilfe-siegen.de\/?p=4455#primaryimage"},"image":{"@id":"https:\/\/www.hospizhilfe-siegen.de\/?p=4455#primaryimage"},"thumbnailUrl":"https:\/\/www.hospizhilfe-siegen.de\/wp-content\/uploads\/2026\/09\/Bullauge-mit-Text-1.png","datePublished":"2026-09-03T18:08:08+00:00","dateModified":"2026-09-03T18:09:47+00:00","breadcrumb":{"@id":"https:\/\/www.hospizhilfe-siegen.de\/?p=4455#breadcrumb"},"inLanguage":"de","potentialAction":[{"@type":"ReadAction","target":["https:\/\/www.hospizhilfe-siegen.de\/?p=4455"]}]},{"@type":"ImageObject","inLanguage":"de","@id":"https:\/\/www.hospizhilfe-siegen.de\/?p=4455#primaryimage","url":"https:\/\/www.hospizhilfe-siegen.de\/wp-content\/uploads\/2026\/09\/Bullauge-mit-Text-1.png","contentUrl":"https:\/\/www.hospizhilfe-siegen.de\/wp-content\/uploads\/2026\/09\/Bullauge-mit-Text-1.png","width":392,"height":587},{"@type":"BreadcrumbList","@id":"https:\/\/www.hospizhilfe-siegen.de\/?p=4455#breadcrumb","itemListElement":[{"@type":"ListItem","position":1,"name":"Startseite","item":"https:\/\/www.hospizhilfe-siegen.de\/"},{"@type":"ListItem","position":2,"name":"START der Trauerkomb\u00fcse 2026"}]},{"@type":"WebSite","@id":"https:\/\/www.hospizhilfe-siegen.de\/#website","url":"https:\/\/www.hospizhilfe-siegen.de\/","name":"hospizhilfe siegen","description":"","publisher":{"@id":"https:\/\/www.hospizhilfe-siegen.de\/#organization"},"potentialAction":[{"@type":"SearchAction","target":{"@type":"EntryPoint","urlTemplate":"https:\/\/www.hospizhilfe-siegen.de\/?s={search_term_string}"},"query-input":{"@type":"PropertyValueSpecification","valueRequired":true,"valueName":"search_term_string"}}],"inLanguage":"de"},{"@type":"Organization","@id":"https:\/\/www.hospizhilfe-siegen.de\/#organization","name":"Ambulante \u00f6kumenische Hospizhilfe Siegen e.V.","url":"https:\/\/www.hospizhilfe-siegen.de\/","logo":{"@type":"ImageObject","inLanguage":"de","@id":"https:\/\/www.hospizhilfe-siegen.de\/#\/schema\/logo\/image\/","url":"https:\/\/www.hospizhilfe-siegen.de\/wp-content\/uploads\/2017\/03\/logo_400.jpg","contentUrl":"https:\/\/www.hospizhilfe-siegen.de\/wp-content\/uploads\/2017\/03\/logo_400.jpg","width":407,"height":159,"caption":"Ambulante \u00f6kumenische Hospizhilfe Siegen e.V."},"image":{"@id":"https:\/\/www.hospizhilfe-siegen.de\/#\/schema\/logo\/image\/"},"sameAs":["https:\/\/www.facebook.com\/HospizhilfeSiegen"]},{"@type":"Person","@id":"https:\/\/www.hospizhilfe-siegen.de\/#\/schema\/person\/bb99d5fa32b377dfa70162bce7848619","name":"J\u00fcrgen Schade","sameAs":["https:\/\/www.hospizhilfe-siegen.de"],"url":"https:\/\/www.hospizhilfe-siegen.de\/?author=10"}]}},"_links":{"self":[{"href":"https:\/\/www.hospizhilfe-siegen.de\/index.php?rest_route=\/wp\/v2\/posts\/4455","targetHints":{"allow":["GET"]}}],"collection":[{"href":"https:\/\/www.hospizhilfe-siegen.de\/index.php?rest_route=\/wp\/v2\/posts"}],"about":[{"href":"https:\/\/www.hospizhilfe-siegen.de\/index.php?rest_route=\/wp\/v2\/types\/post"}],"author":[{"embeddable":true,"href":"https:\/\/www.hospizhilfe-siegen.de\/index.php?rest_route=\/wp\/v2\/users\/10"}],"replies":[{"embeddable":true,"href":"https:\/\/www.hospizhilfe-siegen.de\/index.php?rest_route=%2Fwp%2Fv2%2Fcomments&post=4455"}],"version-history":[{"count":20,"href":"https:\/\/www.hospizhilfe-siegen.de\/index.php?rest_route=\/wp\/v2\/posts\/4455\/revisions"}],"predecessor-version":[{"id":4490,"href":"https:\/\/www.hospizhilfe-siegen.de\/index.php?rest_route=\/wp\/v2\/posts\/4455\/revisions\/4490"}],"wp:featuredmedia":[{"embeddable":true,"href":"https:\/\/www.hospizhilfe-siegen.de\/index.php?rest_route=\/wp\/v2\/media\/4482"}],"wp:attachment":[{"href":"https:\/\/www.hospizhilfe-siegen.de\/index.php?rest_route=%2Fwp%2Fv2%2Fmedia&parent=4455"}],"wp:term":[{"taxonomy":"category","embeddable":true,"href":"https:\/\/www.hospizhilfe-siegen.de\/index.php?rest_route=%2Fwp%2Fv2%2Fcategories&post=4455"},{"taxonomy":"post_tag","embeddable":true,"href":"https:\/\/www.hospizhilfe-siegen.de\/index.php?rest_route=%2Fwp%2Fv2%2Ftags&post=4455"}],"curies":[{"name":"wp","href":"https:\/\/api.w.org\/{rel}","templated":true}]}}